{"id":872,"date":"2022-09-08T21:20:42","date_gmt":"2022-09-09T00:20:42","guid":{"rendered":"https:\/\/sociedadesdigitales.org\/web\/?p=872"},"modified":"2024-07-31T16:42:23","modified_gmt":"2024-07-31T19:42:23","slug":"proponen-declarar-de-interes-nacional-al-foro-sociedades-digitales-2022","status":"publish","type":"post","link":"https:\/\/sociedadesdigitales.org\/web\/2022\/09\/08\/proponen-declarar-de-interes-nacional-al-foro-sociedades-digitales-2022\/","title":{"rendered":"Proponen declarar de inter\u00e9s nacional al Foro Sociedades Digitales 2022"},"content":{"rendered":"\n<p>El proyecto que fue presentado por Carolina Mois\u00e9s, diputada nacional por la provincia de Jujuy, ingres\u00f3 este jueves 8 de septiembre a la c\u00e1mara de diputados del Congreso de la Naci\u00f3n Argentina y se espera que sea tratado en breve.<\/p>\n\n\n\n<p>La diputada Mois\u00e9s solicita \u00abDeclarar de inter\u00e9s de esta Honorable C\u00e1mara la realizaci\u00f3n del Foro de Sociedades Digitales a realizarse el 5 noviembre de 2022, organizado por la Fundaci\u00f3n de Sociedades Digitales\u00bb y detalla que se trata de un evento \u00fanico que se desarrollar\u00e1 en el metaverso donde \u00abse debatir\u00e1 en torno a las tecnolog\u00edas digitales y su impacto al 2030\u00bb.<\/p>\n\n\n\n<p>Adem\u00e1s, la diputada de Jujuy reconoce la trayectoria de la Fundaci\u00f3n y resalta que \u00abeste foro de 2022 se realiza luego de varios otros foros organizados, desde 2008, por la Fundaci\u00f3n de Sociedades Digitales, una asociaci\u00f3n civil argentina\u00bb.<br><br>Por \u00faltimo, Mois\u00e9s solicita a sus pares de la C\u00e1mara baja que acompa\u00f1en el proyecto y se\u00f1ala que \u00abel mundo de las plataformas, servicios digitales y digitalizados invadieron nuestros hogares y ahora los consideramos imprescindibles\u00bb, y concluye que es fundamental destacar y participar en este tipo de foros \u00aben los que podemos pensar el futuro, podemos encontrarnos a debatir el futuro\u00bb.<\/p>\n\n\n\n<p>.<\/p>\n","protected":false},"excerpt":{"rendered":"<p>El proyecto que fue presentado por Carolina Mois\u00e9s, diputada nacional por la provincia de Jujuy, ingres\u00f3 este jueves 8 de septiembre a la c\u00e1mara de diputados del Congreso de la Naci\u00f3n Argentina y se espera que sea tratado en breve. La diputada Mois\u00e9s solicita \u00abDeclarar de inter\u00e9s de esta Honorable C\u00e1mara la realizaci\u00f3n del Foro de Sociedades Digitales a realizarse [&hellip;]<\/p>\n","protected":false},"author":1,"featured_media":874,"comment_status":"closed","ping_status":"open","sticky":false,"template":"","format":"standard","meta":{"_uag_custom_page_level_css":"","_monsterinsights_skip_tracking":false,"_monsterinsights_sitenote_active":false,"_monsterinsights_sitenote_note":"","_monsterinsights_sitenote_category":0,"footnotes":""},"categories":[1],"tags":[],"class_list":["post-872","post","type-post","status-publish","format-standard","has-post-thumbnail","hentry","category-blog"],"aioseo_notices":[],"uagb_featured_image_src":{"full":["https:\/\/sociedadesdigitales.org\/web\/wp-content\/uploads\/2022\/09\/carolina_moises_-_foto_congreso_03.jpeg",840,514,false],"thumbnail":["https:\/\/sociedadesdigitales.org\/web\/wp-content\/uploads\/2022\/09\/carolina_moises_-_foto_congreso_03-150x150.jpeg",150,150,true],"medium":["https:\/\/sociedadesdigitales.org\/web\/wp-content\/uploads\/2022\/09\/carolina_moises_-_foto_congreso_03-300x184.jpeg",300,184,true],"medium_large":["https:\/\/sociedadesdigitales.org\/web\/wp-content\/uploads\/2022\/09\/carolina_moises_-_foto_congreso_03-768x470.jpeg",768,470,true],"large":["https:\/\/sociedadesdigitales.org\/web\/wp-content\/uploads\/2022\/09\/carolina_moises_-_foto_congreso_03.jpeg",840,514,false],"1536x1536":["https:\/\/sociedadesdigitales.org\/web\/wp-content\/uploads\/2022\/09\/carolina_moises_-_foto_congreso_03.jpeg",840,514,false],"2048x2048":["https:\/\/sociedadesdigitales.org\/web\/wp-content\/uploads\/2022\/09\/carolina_moises_-_foto_congreso_03.jpeg",840,514,false],"post-thumbnail":["https:\/\/sociedadesdigitales.org\/web\/wp-content\/uploads\/2022\/09\/carolina_moises_-_foto_congreso_03-672x411.jpeg",672,411,true],"kleo-full-width":["https:\/\/sociedadesdigitales.org\/web\/wp-content\/uploads\/2022\/09\/carolina_moises_-_foto_congreso_03.jpeg",840,514,false],"kleo-post-gallery":["https:\/\/sociedadesdigitales.org\/web\/wp-content\/uploads\/2022\/09\/carolina_moises_-_foto_congreso_03-480x270.jpeg",480,270,true],"kleo-post-grid":["https:\/\/sociedadesdigitales.org\/web\/wp-content\/uploads\/2022\/09\/carolina_moises_-_foto_congreso_03-480x294.jpeg",480,294,true],"kleo-post-small-thumb":["https:\/\/sociedadesdigitales.org\/web\/wp-content\/uploads\/2022\/09\/carolina_moises_-_foto_congreso_03-480x270.jpeg",480,270,true]},"uagb_author_info":{"display_name":"Sociedades Digitales","author_link":"https:\/\/sociedadesdigitales.org\/web\/author\/sociedades-digitales\/"},"uagb_comment_info":0,"uagb_excerpt":"El proyecto que fue presentado por Carolina Mois\u00e9s, diputada nacional por la provincia de Jujuy, ingres\u00f3 este jueves 8 de septiembre a la c\u00e1mara de diputados del Congreso de la Naci\u00f3n Argentina y se espera que sea tratado en breve. La diputada Mois\u00e9s solicita \u00abDeclarar de inter\u00e9s de esta Honorable C\u00e1mara la realizaci\u00f3n del Foro&hellip;","_links":{"self":[{"href":"https:\/\/sociedadesdigitales.org\/web\/wp-json\/wp\/v2\/posts\/872","targetHints":{"allow":["GET"]}}],"collection":[{"href":"https:\/\/sociedadesdigitales.org\/web\/wp-json\/wp\/v2\/posts"}],"about":[{"href":"https:\/\/sociedadesdigitales.org\/web\/wp-json\/wp\/v2\/types\/post"}],"author":[{"embeddable":true,"href":"https:\/\/sociedadesdigitales.org\/web\/wp-json\/wp\/v2\/users\/1"}],"replies":[{"embeddable":true,"href":"https:\/\/sociedadesdigitales.org\/web\/wp-json\/wp\/v2\/comments?post=872"}],"version-history":[{"count":1,"href":"https:\/\/sociedadesdigitales.org\/web\/wp-json\/wp\/v2\/posts\/872\/revisions"}],"predecessor-version":[{"id":2308,"href":"https:\/\/sociedadesdigitales.org\/web\/wp-json\/wp\/v2\/posts\/872\/revisions\/2308"}],"wp:featuredmedia":[{"embeddable":true,"href":"https:\/\/sociedadesdigitales.org\/web\/wp-json\/wp\/v2\/media\/874"}],"wp:attachment":[{"href":"https:\/\/sociedadesdigitales.org\/web\/wp-json\/wp\/v2\/media?parent=872"}],"wp:term":[{"taxonomy":"category","embeddable":true,"href":"https:\/\/sociedadesdigitales.org\/web\/wp-json\/wp\/v2\/categories?post=872"},{"taxonomy":"post_tag","embeddable":true,"href":"https:\/\/sociedadesdigitales.org\/web\/wp-json\/wp\/v2\/tags?post=872"}],"curies":[{"name":"wp","href":"https:\/\/api.w.org\/{rel}","templated":true}]}}