{"id":583,"date":"2022-08-25T21:12:46","date_gmt":"2022-08-26T00:12:46","guid":{"rendered":"https:\/\/sociedadesdigitales.org\/web\/?p=583"},"modified":"2024-07-31T16:42:23","modified_gmt":"2024-07-31T19:42:23","slug":"es-de-esperar-que-la-nueva-etapa-de-internet-se-involucre-en-el-proceso-educativo","status":"publish","type":"post","link":"https:\/\/sociedadesdigitales.org\/web\/2022\/08\/25\/es-de-esperar-que-la-nueva-etapa-de-internet-se-involucre-en-el-proceso-educativo\/","title":{"rendered":"\u00abEs de esperar que la nueva etapa de internet se involucre en el proceso educativo\u00bb"},"content":{"rendered":"\n<p>Nuestro presidente, Sebasti\u00e1n Lorenzo, habl\u00f3 con <a href=\"https:\/\/twitter.com\/ursuvargues\">\u00darsula Varges <\/a>y <a href=\"https:\/\/twitter.com\/realdelapuente\">Eduardo de la Puente<\/a> sobre las escuelas virtuales. \u00abEl proceso de la pandemia hizo acelerar procesos de la tecnolog\u00eda que ya exist\u00edan\u00bb, se\u00f1al\u00f3 en la entrevista por <a href=\"https:\/\/twitter.com\/FMLaPatriad\">FM La Patriada.<\/a> Adem\u00e1s destac\u00f3: \u00abEs de esperar que la nueva etapa que llega internet, 3.0, el 5G, nuevos dispositivos y metaversos se involucren en el proceso educativo. Hay una cuesti\u00f3n de costos, por eso aun no lo tenemos. Algunos van a proponer que la escuela no tengan m\u00e1s ladrillos, que est\u00e9n en la nube. En este caso los va a reunir el tema no la distancia porque el 5G permite el avance de tecnolog\u00eda a distancia\u00bb<\/p>\n\n\n\n<p><a href=\"https:\/\/ar.radiocut.fm\/audiocut\/es-esperar-nueva-etapa-llega-internet-se-involucren-en-proceso-educativo\/\">Escuch\u00e1 anota completa:<\/a><\/p>\n\n\n\n<iframe loading=\"lazy\" width=\"50%\" height=\"65px\" scrolling=\"no\" frameborder=\"si\" src=\"\/\/ar.radiocut.fm\/audiocut\/embed\/mini\/es-esperar-nueva-etapa-llega-internet-se-involucren-en-proceso-educativo\/\"><\/iframe>\n","protected":false},"excerpt":{"rendered":"<p>Nuestro presidente, Sebasti\u00e1n Lorenzo, habl\u00f3 con \u00darsula Varges y Eduardo de la Puente sobre las escuelas virtuales. \u00abEl proceso de la pandemia hizo acelerar procesos de la tecnolog\u00eda que ya exist\u00edan\u00bb, se\u00f1al\u00f3 en la entrevista por FM La Patriada. Adem\u00e1s destac\u00f3: \u00abEs de esperar que la nueva etapa que llega internet, 3.0, el 5G, nuevos dispositivos y metaversos se involucren [&hellip;]<\/p>\n","protected":false},"author":1,"featured_media":589,"comment_status":"closed","ping_status":"closed","sticky":false,"template":"","format":"standard","meta":{"_uag_custom_page_level_css":"","_monsterinsights_skip_tracking":false,"_monsterinsights_sitenote_active":false,"_monsterinsights_sitenote_note":"","_monsterinsights_sitenote_category":0,"footnotes":""},"categories":[1],"tags":[19,20,36,47],"class_list":["post-583","post","type-post","status-publish","format-standard","has-post-thumbnail","hentry","category-blog","tag-aceleracion-digital","tag-algoritmos","tag-inteligencia-artificial","tag-tecnopolitica"],"aioseo_notices":[],"uagb_featured_image_src":{"full":["https:\/\/sociedadesdigitales.org\/web\/wp-content\/uploads\/2022\/08\/FN7FBtpXwAU3iNO.jpg",1024,512,false],"thumbnail":["https:\/\/sociedadesdigitales.org\/web\/wp-content\/uploads\/2022\/08\/FN7FBtpXwAU3iNO-150x150.jpg",150,150,true],"medium":["https:\/\/sociedadesdigitales.org\/web\/wp-content\/uploads\/2022\/08\/FN7FBtpXwAU3iNO-300x150.jpg",300,150,true],"medium_large":["https:\/\/sociedadesdigitales.org\/web\/wp-content\/uploads\/2022\/08\/FN7FBtpXwAU3iNO-768x384.jpg",768,384,true],"large":["https:\/\/sociedadesdigitales.org\/web\/wp-content\/uploads\/2022\/08\/FN7FBtpXwAU3iNO.jpg",1024,512,false],"1536x1536":["https:\/\/sociedadesdigitales.org\/web\/wp-content\/uploads\/2022\/08\/FN7FBtpXwAU3iNO.jpg",1024,512,false],"2048x2048":["https:\/\/sociedadesdigitales.org\/web\/wp-content\/uploads\/2022\/08\/FN7FBtpXwAU3iNO.jpg",1024,512,false],"post-thumbnail":["https:\/\/sociedadesdigitales.org\/web\/wp-content\/uploads\/2022\/08\/FN7FBtpXwAU3iNO-672x336.jpg",672,336,true],"kleo-full-width":["https:\/\/sociedadesdigitales.org\/web\/wp-content\/uploads\/2022\/08\/FN7FBtpXwAU3iNO.jpg",1024,512,false],"kleo-post-gallery":["https:\/\/sociedadesdigitales.org\/web\/wp-content\/uploads\/2022\/08\/FN7FBtpXwAU3iNO-480x270.jpg",480,270,true],"kleo-post-grid":["https:\/\/sociedadesdigitales.org\/web\/wp-content\/uploads\/2022\/08\/FN7FBtpXwAU3iNO-480x240.jpg",480,240,true],"kleo-post-small-thumb":["https:\/\/sociedadesdigitales.org\/web\/wp-content\/uploads\/2022\/08\/FN7FBtpXwAU3iNO-480x270.jpg",480,270,true]},"uagb_author_info":{"display_name":"Sociedades Digitales","author_link":"https:\/\/sociedadesdigitales.org\/web\/author\/sociedades-digitales\/"},"uagb_comment_info":0,"uagb_excerpt":"Nuestro presidente, Sebasti\u00e1n Lorenzo, habl\u00f3 con \u00darsula Varges y Eduardo de la Puente sobre las escuelas virtuales. \u00abEl proceso de la pandemia hizo acelerar procesos de la tecnolog\u00eda que ya exist\u00edan\u00bb, se\u00f1al\u00f3 en la entrevista por FM La Patriada. Adem\u00e1s destac\u00f3: \u00abEs de esperar que la nueva etapa que llega internet, 3.0, el 5G, nuevos&hellip;","_links":{"self":[{"href":"https:\/\/sociedadesdigitales.org\/web\/wp-json\/wp\/v2\/posts\/583","targetHints":{"allow":["GET"]}}],"collection":[{"href":"https:\/\/sociedadesdigitales.org\/web\/wp-json\/wp\/v2\/posts"}],"about":[{"href":"https:\/\/sociedadesdigitales.org\/web\/wp-json\/wp\/v2\/types\/post"}],"author":[{"embeddable":true,"href":"https:\/\/sociedadesdigitales.org\/web\/wp-json\/wp\/v2\/users\/1"}],"replies":[{"embeddable":true,"href":"https:\/\/sociedadesdigitales.org\/web\/wp-json\/wp\/v2\/comments?post=583"}],"version-history":[{"count":1,"href":"https:\/\/sociedadesdigitales.org\/web\/wp-json\/wp\/v2\/posts\/583\/revisions"}],"predecessor-version":[{"id":2403,"href":"https:\/\/sociedadesdigitales.org\/web\/wp-json\/wp\/v2\/posts\/583\/revisions\/2403"}],"wp:featuredmedia":[{"embeddable":true,"href":"https:\/\/sociedadesdigitales.org\/web\/wp-json\/wp\/v2\/media\/589"}],"wp:attachment":[{"href":"https:\/\/sociedadesdigitales.org\/web\/wp-json\/wp\/v2\/media?parent=583"}],"wp:term":[{"taxonomy":"category","embeddable":true,"href":"https:\/\/sociedadesdigitales.org\/web\/wp-json\/wp\/v2\/categories?post=583"},{"taxonomy":"post_tag","embeddable":true,"href":"https:\/\/sociedadesdigitales.org\/web\/wp-json\/wp\/v2\/tags?post=583"}],"curies":[{"name":"wp","href":"https:\/\/api.w.org\/{rel}","templated":true}]}}