{"id":539,"date":"2022-07-11T19:38:33","date_gmt":"2022-07-11T22:38:33","guid":{"rendered":"https:\/\/sociedadesdigitales.org\/web\/?p=539"},"modified":"2024-07-31T16:42:24","modified_gmt":"2024-07-31T19:42:24","slug":"daniel-inneraty-los-humanos-que-disenan-tecnologia-inteligente-no-tienen-control-absoluto-sobre-esa-tecnologia","status":"publish","type":"post","link":"https:\/\/sociedadesdigitales.org\/web\/2022\/07\/11\/daniel-inneraty-los-humanos-que-disenan-tecnologia-inteligente-no-tienen-control-absoluto-sobre-esa-tecnologia\/","title":{"rendered":"Daniel Inneraty: \u201cLos humanos que dise\u00f1an tecnolog\u00eda inteligente no tienen control absoluto sobre esa tecnolog\u00eda\u201d"},"content":{"rendered":"\n<p>El fil\u00f3sofo espa\u00f1ol y titular de la C\u00e1tedra Inteligencia Artificial y Democracia en el Instituto Europeo de Florencia, <a href=\"https:\/\/twitter.com\/daniInnerarity\" target=\"_blank\" rel=\"noreferrer noopener\">Daniel Innerarity<\/a>, afirm\u00f3 que <strong>\u201clos humanos que dise\u00f1an tecnolog\u00eda inteligente no tienen un control absoluto sobre esa tecnolog\u00eda\u201d<\/strong> y advirti\u00f3 que el desarrollo tecnol\u00f3gico debe ir\u00a0 <strong>\u201cacompa\u00f1ado de regulaciones y una ciudadan\u00eda cr\u00edtica que contribuya a que el algoritmo tenga un sentido democr\u00e1tico y justo\u201d.<\/strong><\/p>\n\n\n\n<figure class=\"wp-block-pullquote\"><blockquote><p>\u201cEl modelo detr\u00e1s de internet y la digitalizaci\u00f3n es un modelo de consumo, de mercado\u201d<\/p><cite><a href=\"https:\/\/twitter.com\/daniInnerarity\">Daniel Innerarity<\/a><\/cite><\/blockquote><\/figure>\n\n\n\n<p><a href=\"https:\/\/twitter.com\/daniInnerarity\" target=\"_blank\" rel=\"noreferrer noopener\">Inneraty<\/a> sostiene que <strong>\u201cel modelo detr\u00e1s de internet y la digitalizaci\u00f3n es un modelo de consumo, de mercado\u201d<\/strong> y por lo tanto debemos como sociedad profundizar y <strong>\u201cpensar la diferencia entre los ciudadanos y los consumidores\u201d<\/strong>. Sostuvo que hay una cierta degradaci\u00f3n pero agreg\u00f3 que \u00ablos ciudadanos somos algo distinto a los clientes\u201d.\u00a0 Por \u00faltimo se\u00f1al\u00f3 que la pol\u00edtica e incluso la sociedad no est\u00e1 haciendo un <strong>buen uso de las redes y de internet<\/strong>.<\/p>\n\n\n\n<p>Mir\u00e1 la entrevista completa que la <strong>Fundaci\u00f3n Sociedades Digitales<\/strong> le realiz\u00f3 en <strong>Madrid<\/strong>. <\/p>\n\n\n\n<figure class=\"wp-block-video\"><video controls src=\"https:\/\/sociedadesdigitales.org\/web\/wp-content\/uploads\/2022\/07\/IMG_3424-1.mp4\"><\/video><\/figure>\n\n\n\n<p><\/p>\n","protected":false},"excerpt":{"rendered":"<p>El fil\u00f3sofo espa\u00f1ol y titular de la C\u00e1tedra Inteligencia Artificial y Democracia en el Instituto Europeo de Florencia, Daniel Innerarity, afirm\u00f3 que \u201clos humanos que dise\u00f1an tecnolog\u00eda inteligente no tienen un control absoluto sobre esa tecnolog\u00eda\u201d y advirti\u00f3 que el desarrollo tecnol\u00f3gico debe ir\u00a0 \u201cacompa\u00f1ado de regulaciones y una ciudadan\u00eda cr\u00edtica que contribuya a que el algoritmo tenga un sentido [&hellip;]<\/p>\n","protected":false},"author":1,"featured_media":547,"comment_status":"open","ping_status":"open","sticky":false,"template":"","format":"standard","meta":{"_uag_custom_page_level_css":"","_monsterinsights_skip_tracking":false,"_monsterinsights_sitenote_active":false,"_monsterinsights_sitenote_note":"","_monsterinsights_sitenote_category":0,"footnotes":""},"categories":[1],"tags":[20,24,36,38,40,41,43,47,49],"class_list":["post-539","post","type-post","status-publish","format-standard","has-post-thumbnail","hentry","category-blog","tag-algoritmos","tag-comunicacion","tag-inteligencia-artificial","tag-madrid","tag-politica","tag-redes-sociales","tag-sd2022","tag-tecnopolitica","tag-transformacion-publica"],"aioseo_notices":[],"uagb_featured_image_src":{"full":["https:\/\/sociedadesdigitales.org\/web\/wp-content\/uploads\/2022\/07\/innerarity-k71C-U1102824443016gG-1248x770@RC.jpeg",1248,770,false],"thumbnail":["https:\/\/sociedadesdigitales.org\/web\/wp-content\/uploads\/2022\/07\/innerarity-k71C-U1102824443016gG-1248x770@RC-150x150.jpeg",150,150,true],"medium":["https:\/\/sociedadesdigitales.org\/web\/wp-content\/uploads\/2022\/07\/innerarity-k71C-U1102824443016gG-1248x770@RC-300x185.jpeg",300,185,true],"medium_large":["https:\/\/sociedadesdigitales.org\/web\/wp-content\/uploads\/2022\/07\/innerarity-k71C-U1102824443016gG-1248x770@RC-768x474.jpeg",768,474,true],"large":["https:\/\/sociedadesdigitales.org\/web\/wp-content\/uploads\/2022\/07\/innerarity-k71C-U1102824443016gG-1248x770@RC-1024x632.jpeg",1024,632,true],"1536x1536":["https:\/\/sociedadesdigitales.org\/web\/wp-content\/uploads\/2022\/07\/innerarity-k71C-U1102824443016gG-1248x770@RC.jpeg",1248,770,false],"2048x2048":["https:\/\/sociedadesdigitales.org\/web\/wp-content\/uploads\/2022\/07\/innerarity-k71C-U1102824443016gG-1248x770@RC.jpeg",1248,770,false],"post-thumbnail":["https:\/\/sociedadesdigitales.org\/web\/wp-content\/uploads\/2022\/07\/innerarity-k71C-U1102824443016gG-1248x770@RC-672x415.jpeg",672,415,true],"kleo-full-width":["https:\/\/sociedadesdigitales.org\/web\/wp-content\/uploads\/2022\/07\/innerarity-k71C-U1102824443016gG-1248x770@RC-1038x640.jpeg",1038,640,true],"kleo-post-gallery":["https:\/\/sociedadesdigitales.org\/web\/wp-content\/uploads\/2022\/07\/innerarity-k71C-U1102824443016gG-1248x770@RC-480x270.jpeg",480,270,true],"kleo-post-grid":["https:\/\/sociedadesdigitales.org\/web\/wp-content\/uploads\/2022\/07\/innerarity-k71C-U1102824443016gG-1248x770@RC-480x296.jpeg",480,296,true],"kleo-post-small-thumb":["https:\/\/sociedadesdigitales.org\/web\/wp-content\/uploads\/2022\/07\/innerarity-k71C-U1102824443016gG-1248x770@RC-480x270.jpeg",480,270,true]},"uagb_author_info":{"display_name":"Sociedades Digitales","author_link":"https:\/\/sociedadesdigitales.org\/web\/author\/sociedades-digitales\/"},"uagb_comment_info":0,"uagb_excerpt":"El fil\u00f3sofo espa\u00f1ol y titular de la C\u00e1tedra Inteligencia Artificial y Democracia en el Instituto Europeo de Florencia, Daniel Innerarity, afirm\u00f3 que \u201clos humanos que dise\u00f1an tecnolog\u00eda inteligente no tienen un control absoluto sobre esa tecnolog\u00eda\u201d y advirti\u00f3 que el desarrollo tecnol\u00f3gico debe ir\u00a0 \u201cacompa\u00f1ado de regulaciones y una ciudadan\u00eda cr\u00edtica que contribuya a que&hellip;","_links":{"self":[{"href":"https:\/\/sociedadesdigitales.org\/web\/wp-json\/wp\/v2\/posts\/539","targetHints":{"allow":["GET"]}}],"collection":[{"href":"https:\/\/sociedadesdigitales.org\/web\/wp-json\/wp\/v2\/posts"}],"about":[{"href":"https:\/\/sociedadesdigitales.org\/web\/wp-json\/wp\/v2\/types\/post"}],"author":[{"embeddable":true,"href":"https:\/\/sociedadesdigitales.org\/web\/wp-json\/wp\/v2\/users\/1"}],"replies":[{"embeddable":true,"href":"https:\/\/sociedadesdigitales.org\/web\/wp-json\/wp\/v2\/comments?post=539"}],"version-history":[{"count":1,"href":"https:\/\/sociedadesdigitales.org\/web\/wp-json\/wp\/v2\/posts\/539\/revisions"}],"predecessor-version":[{"id":2407,"href":"https:\/\/sociedadesdigitales.org\/web\/wp-json\/wp\/v2\/posts\/539\/revisions\/2407"}],"wp:featuredmedia":[{"embeddable":true,"href":"https:\/\/sociedadesdigitales.org\/web\/wp-json\/wp\/v2\/media\/547"}],"wp:attachment":[{"href":"https:\/\/sociedadesdigitales.org\/web\/wp-json\/wp\/v2\/media?parent=539"}],"wp:term":[{"taxonomy":"category","embeddable":true,"href":"https:\/\/sociedadesdigitales.org\/web\/wp-json\/wp\/v2\/categories?post=539"},{"taxonomy":"post_tag","embeddable":true,"href":"https:\/\/sociedadesdigitales.org\/web\/wp-json\/wp\/v2\/tags?post=539"}],"curies":[{"name":"wp","href":"https:\/\/api.w.org\/{rel}","templated":true}]}}