{"id":513,"date":"2022-07-08T11:51:47","date_gmt":"2022-07-08T14:51:47","guid":{"rendered":"https:\/\/sociedadesdigitales.org\/web\/?p=513"},"modified":"2024-07-31T16:42:24","modified_gmt":"2024-07-31T19:42:24","slug":"el-desafio-de-la-politica-ante-el-avance-tecnologico","status":"publish","type":"post","link":"https:\/\/sociedadesdigitales.org\/web\/2022\/07\/08\/el-desafio-de-la-politica-ante-el-avance-tecnologico\/","title":{"rendered":"El desaf\u00edo de la pol\u00edtica ante el avance tecnol\u00f3gico"},"content":{"rendered":"\n<p>En Madrid y luego de una extensa jornada donde se abordaron las discusiones tecnol\u00f3gicas con perspectiva pol\u00edtica, el presidente de la <a href=\"https:\/\/twitter.com\/sdigitales\">Fundaci\u00f3n Sociedades Digitales<\/a>, <a href=\"https:\/\/twitter.com\/SebaLorenzoAR\" target=\"_blank\" rel=\"noreferrer noopener\">Sebasti\u00e1n Lorenzo<\/a>,\u00a0la diputada y portavoz de Transformaci\u00f3n Digital del <a href=\"https:\/\/twitter.com\/gpscongreso\" target=\"_blank\" rel=\"noreferrer noopener\">Grupo Parlamentario Socialista<\/a>, <a href=\"https:\/\/twitter.com\/Begonasarre\" target=\"_blank\" rel=\"noreferrer noopener\">Bego\u00f1a Nasarre Oliva<\/a>, y el diputado del\u00a0<a href=\"https:\/\/twitter.com\/Congreso_Es\" target=\"_blank\" rel=\"noreferrer noopener\">Congreso de Espa\u00f1a<\/a>,\u00a0<a href=\"https:\/\/twitter.com\/CesarJRamos\" target=\"_blank\" rel=\"noreferrer noopener\">C\u00e9sar Ramos<\/a>, repasaron el intenso debate y detallaron los diferentes retos que nos presenta este tiempo.<\/p>\n\n\n\n<figure class=\"wp-block-embed is-type-video is-provider-youtube wp-block-embed-youtube wp-embed-aspect-16-9 wp-has-aspect-ratio\"><div class=\"wp-block-embed__wrapper\">\n<iframe loading=\"lazy\" title=\"\u00bfNos gobernar\u00e1n los #algoritmos? Responden: C\u00e9sar Ramos, Bego\u00f1a Nasarre Oliva y Sebasti\u00e1n Lorenzo\" width=\"1200\" height=\"675\" src=\"https:\/\/www.youtube.com\/embed\/FHWeFccnutY?feature=oembed&amp;wmode=opaque&amp;showinfo=0\" style=\"border: none\" allow=\"accelerometer; autoplay; clipboard-write; encrypted-media; gyroscope; picture-in-picture\" allowfullscreen><\/iframe>\n<\/div><\/figure>\n","protected":false},"excerpt":{"rendered":"<p>En Madrid y luego de una extensa jornada donde se abordaron las discusiones tecnol\u00f3gicas con perspectiva pol\u00edtica, el presidente de la Fundaci\u00f3n Sociedades Digitales, Sebasti\u00e1n Lorenzo,\u00a0la diputada y portavoz de Transformaci\u00f3n Digital del Grupo Parlamentario Socialista, Bego\u00f1a Nasarre Oliva, y el diputado del\u00a0Congreso de Espa\u00f1a,\u00a0C\u00e9sar Ramos, repasaron el intenso debate y detallaron los diferentes retos que nos presenta este tiempo.<\/p>\n","protected":false},"author":1,"featured_media":515,"comment_status":"open","ping_status":"open","sticky":false,"template":"","format":"standard","meta":{"_uag_custom_page_level_css":"","_monsterinsights_skip_tracking":false,"_monsterinsights_sitenote_active":false,"_monsterinsights_sitenote_note":"","_monsterinsights_sitenote_category":0,"footnotes":""},"categories":[1],"tags":[19,20,36,38,43,47,49],"class_list":["post-513","post","type-post","status-publish","format-standard","has-post-thumbnail","hentry","category-blog","tag-aceleracion-digital","tag-algoritmos","tag-inteligencia-artificial","tag-madrid","tag-sd2022","tag-tecnopolitica","tag-transformacion-publica"],"aioseo_notices":[],"uagb_featured_image_src":{"full":["https:\/\/sociedadesdigitales.org\/web\/wp-content\/uploads\/2022\/07\/sociedades-digitales-1.png",2068,1156,false],"thumbnail":["https:\/\/sociedadesdigitales.org\/web\/wp-content\/uploads\/2022\/07\/sociedades-digitales-1-150x150.png",150,150,true],"medium":["https:\/\/sociedadesdigitales.org\/web\/wp-content\/uploads\/2022\/07\/sociedades-digitales-1-300x168.png",300,168,true],"medium_large":["https:\/\/sociedadesdigitales.org\/web\/wp-content\/uploads\/2022\/07\/sociedades-digitales-1-768x429.png",768,429,true],"large":["https:\/\/sociedadesdigitales.org\/web\/wp-content\/uploads\/2022\/07\/sociedades-digitales-1-1024x572.png",1024,572,true],"1536x1536":["https:\/\/sociedadesdigitales.org\/web\/wp-content\/uploads\/2022\/07\/sociedades-digitales-1-1536x859.png",1536,859,true],"2048x2048":["https:\/\/sociedadesdigitales.org\/web\/wp-content\/uploads\/2022\/07\/sociedades-digitales-1-2048x1145.png",2048,1145,true],"post-thumbnail":["https:\/\/sociedadesdigitales.org\/web\/wp-content\/uploads\/2022\/07\/sociedades-digitales-1-672x376.png",672,376,true],"kleo-full-width":["https:\/\/sociedadesdigitales.org\/web\/wp-content\/uploads\/2022\/07\/sociedades-digitales-1-1038x580.png",1038,580,true],"kleo-post-gallery":["https:\/\/sociedadesdigitales.org\/web\/wp-content\/uploads\/2022\/07\/sociedades-digitales-1-480x270.png",480,270,true],"kleo-post-grid":["https:\/\/sociedadesdigitales.org\/web\/wp-content\/uploads\/2022\/07\/sociedades-digitales-1-480x268.png",480,268,true],"kleo-post-small-thumb":["https:\/\/sociedadesdigitales.org\/web\/wp-content\/uploads\/2022\/07\/sociedades-digitales-1-480x270.png",480,270,true]},"uagb_author_info":{"display_name":"Sociedades Digitales","author_link":"https:\/\/sociedadesdigitales.org\/web\/author\/sociedades-digitales\/"},"uagb_comment_info":0,"uagb_excerpt":"En Madrid y luego de una extensa jornada donde se abordaron las discusiones tecnol\u00f3gicas con perspectiva pol\u00edtica, el presidente de la Fundaci\u00f3n Sociedades Digitales, Sebasti\u00e1n Lorenzo,\u00a0la diputada y portavoz de Transformaci\u00f3n Digital del Grupo Parlamentario Socialista, Bego\u00f1a Nasarre Oliva, y el diputado del\u00a0Congreso de Espa\u00f1a,\u00a0C\u00e9sar Ramos, repasaron el intenso debate y detallaron los diferentes retos&hellip;","_links":{"self":[{"href":"https:\/\/sociedadesdigitales.org\/web\/wp-json\/wp\/v2\/posts\/513","targetHints":{"allow":["GET"]}}],"collection":[{"href":"https:\/\/sociedadesdigitales.org\/web\/wp-json\/wp\/v2\/posts"}],"about":[{"href":"https:\/\/sociedadesdigitales.org\/web\/wp-json\/wp\/v2\/types\/post"}],"author":[{"embeddable":true,"href":"https:\/\/sociedadesdigitales.org\/web\/wp-json\/wp\/v2\/users\/1"}],"replies":[{"embeddable":true,"href":"https:\/\/sociedadesdigitales.org\/web\/wp-json\/wp\/v2\/comments?post=513"}],"version-history":[{"count":1,"href":"https:\/\/sociedadesdigitales.org\/web\/wp-json\/wp\/v2\/posts\/513\/revisions"}],"predecessor-version":[{"id":2409,"href":"https:\/\/sociedadesdigitales.org\/web\/wp-json\/wp\/v2\/posts\/513\/revisions\/2409"}],"wp:featuredmedia":[{"embeddable":true,"href":"https:\/\/sociedadesdigitales.org\/web\/wp-json\/wp\/v2\/media\/515"}],"wp:attachment":[{"href":"https:\/\/sociedadesdigitales.org\/web\/wp-json\/wp\/v2\/media?parent=513"}],"wp:term":[{"taxonomy":"category","embeddable":true,"href":"https:\/\/sociedadesdigitales.org\/web\/wp-json\/wp\/v2\/categories?post=513"},{"taxonomy":"post_tag","embeddable":true,"href":"https:\/\/sociedadesdigitales.org\/web\/wp-json\/wp\/v2\/tags?post=513"}],"curies":[{"name":"wp","href":"https:\/\/api.w.org\/{rel}","templated":true}]}}