{"id":488,"date":"2022-06-16T11:17:36","date_gmt":"2022-06-16T14:17:36","guid":{"rendered":"https:\/\/sociedadesdigitales.org\/web\/?p=488"},"modified":"2024-07-31T16:42:46","modified_gmt":"2024-07-31T19:42:46","slug":"hacia-el-fin-del-trabajo","status":"publish","type":"post","link":"https:\/\/sociedadesdigitales.org\/web\/2022\/06\/16\/hacia-el-fin-del-trabajo\/","title":{"rendered":"\u00bfHacia el fin del trabajo?"},"content":{"rendered":"\n<p><strong>Spoiler alert<\/strong>: la respuesta es s\u00ed. Se va a terminar una forma de concebir el trabajo. O, mejor dicho, tenemos que discutir la concepci\u00f3n entera del trabajo porque surgi\u00f3 cuando el mundo era enteramente distinto al que vivimos ahora. Nosotros, desde la Fundaci\u00f3n Sociedades Digitales, creemos que el futuro no se imagina ni se anticipa: se construye. Y por eso tenemos que poner en el centro del debate la idea de: \u00abEsto siempre se ha hecho as\u00ed y hay que responder de esta manera\u00bb.<\/p>\n\n\n\n<p>Y para dar el debate y ver qu\u00e9 se est\u00e1 hablando en distintas partes del mundo sobre TICs, algoritmos y trabajadores, convocamos a dos especialistas espa\u00f1olas: <strong>Esther Pe\u00f1a Camarero<\/strong>, diputada y portavoz de Trabajo del PSOE, y <strong>Luc\u00eda Velasco<\/strong>, economista y autora del libro \u00bfTe va a sustituir un algoritmo?<\/p>\n\n\n\n<p><strong>Te invitamos a ver el segundo conversatorio<\/strong>. Y, si te gust\u00f3, [<a href=\"https:\/\/sociedadesdigitales.org\/web\/conversatorios-2022\/\">anotate a los pr\u00f3ximos conversatorios<\/a>]. Inscribite una sola vez y nosotros nos encargamos del resto.<\/p>\n\n\n\n<figure class=\"wp-block-embed is-type-video is-provider-youtube wp-block-embed-youtube wp-embed-aspect-16-9 wp-has-aspect-ratio\"><div class=\"wp-block-embed__wrapper\">\n<iframe loading=\"lazy\" title=\"Esther Pe\u00f1a y Luc\u00eda Velasco explican la relaci\u00f3n entre #ALGOR\u00cdTMOS  y #trabajo | Conversatorio #2\" width=\"1200\" height=\"675\" src=\"https:\/\/www.youtube.com\/embed\/MLp2iXMfSjU?feature=oembed&amp;wmode=opaque&amp;showinfo=0\" style=\"border: none\" allow=\"accelerometer; autoplay; clipboard-write; encrypted-media; gyroscope; picture-in-picture\" allowfullscreen><\/iframe>\n<\/div><\/figure>\n","protected":false},"excerpt":{"rendered":"<p>Spoiler alert: la respuesta es s\u00ed. Se va a terminar una forma de concebir el trabajo. O, mejor dicho, tenemos que discutir la concepci\u00f3n entera del trabajo porque surgi\u00f3 cuando el mundo era enteramente distinto al que vivimos ahora. Nosotros, desde la Fundaci\u00f3n Sociedades Digitales, creemos que el futuro no se imagina ni se anticipa: se construye. Y por eso [&hellip;]<\/p>\n","protected":false},"author":1,"featured_media":489,"comment_status":"closed","ping_status":"closed","sticky":false,"template":"","format":"standard","meta":{"_uag_custom_page_level_css":"","_monsterinsights_skip_tracking":false,"_monsterinsights_sitenote_active":false,"_monsterinsights_sitenote_note":"","_monsterinsights_sitenote_category":0,"footnotes":""},"categories":[1],"tags":[20,48,49],"class_list":["post-488","post","type-post","status-publish","format-standard","has-post-thumbnail","hentry","category-blog","tag-algoritmos","tag-trabajo","tag-transformacion-publica"],"aioseo_notices":[],"uagb_featured_image_src":{"full":["https:\/\/sociedadesdigitales.org\/web\/wp-content\/uploads\/2022\/06\/Portada.png",855,481,false],"thumbnail":["https:\/\/sociedadesdigitales.org\/web\/wp-content\/uploads\/2022\/06\/Portada-150x150.png",150,150,true],"medium":["https:\/\/sociedadesdigitales.org\/web\/wp-content\/uploads\/2022\/06\/Portada-300x169.png",300,169,true],"medium_large":["https:\/\/sociedadesdigitales.org\/web\/wp-content\/uploads\/2022\/06\/Portada-768x432.png",768,432,true],"large":["https:\/\/sociedadesdigitales.org\/web\/wp-content\/uploads\/2022\/06\/Portada.png",855,481,false],"1536x1536":["https:\/\/sociedadesdigitales.org\/web\/wp-content\/uploads\/2022\/06\/Portada.png",855,481,false],"2048x2048":["https:\/\/sociedadesdigitales.org\/web\/wp-content\/uploads\/2022\/06\/Portada.png",855,481,false],"post-thumbnail":["https:\/\/sociedadesdigitales.org\/web\/wp-content\/uploads\/2022\/06\/Portada-672x378.png",672,378,true],"kleo-full-width":["https:\/\/sociedadesdigitales.org\/web\/wp-content\/uploads\/2022\/06\/Portada.png",855,481,false],"kleo-post-gallery":["https:\/\/sociedadesdigitales.org\/web\/wp-content\/uploads\/2022\/06\/Portada-480x270.png",480,270,true],"kleo-post-grid":["https:\/\/sociedadesdigitales.org\/web\/wp-content\/uploads\/2022\/06\/Portada-480x270.png",480,270,true],"kleo-post-small-thumb":["https:\/\/sociedadesdigitales.org\/web\/wp-content\/uploads\/2022\/06\/Portada-480x270.png",480,270,true]},"uagb_author_info":{"display_name":"Sociedades Digitales","author_link":"https:\/\/sociedadesdigitales.org\/web\/author\/sociedades-digitales\/"},"uagb_comment_info":0,"uagb_excerpt":"Spoiler alert: la respuesta es s\u00ed. Se va a terminar una forma de concebir el trabajo. O, mejor dicho, tenemos que discutir la concepci\u00f3n entera del trabajo porque surgi\u00f3 cuando el mundo era enteramente distinto al que vivimos ahora. Nosotros, desde la Fundaci\u00f3n Sociedades Digitales, creemos que el futuro no se imagina ni se anticipa:&hellip;","_links":{"self":[{"href":"https:\/\/sociedadesdigitales.org\/web\/wp-json\/wp\/v2\/posts\/488","targetHints":{"allow":["GET"]}}],"collection":[{"href":"https:\/\/sociedadesdigitales.org\/web\/wp-json\/wp\/v2\/posts"}],"about":[{"href":"https:\/\/sociedadesdigitales.org\/web\/wp-json\/wp\/v2\/types\/post"}],"author":[{"embeddable":true,"href":"https:\/\/sociedadesdigitales.org\/web\/wp-json\/wp\/v2\/users\/1"}],"replies":[{"embeddable":true,"href":"https:\/\/sociedadesdigitales.org\/web\/wp-json\/wp\/v2\/comments?post=488"}],"version-history":[{"count":1,"href":"https:\/\/sociedadesdigitales.org\/web\/wp-json\/wp\/v2\/posts\/488\/revisions"}],"predecessor-version":[{"id":2414,"href":"https:\/\/sociedadesdigitales.org\/web\/wp-json\/wp\/v2\/posts\/488\/revisions\/2414"}],"wp:featuredmedia":[{"embeddable":true,"href":"https:\/\/sociedadesdigitales.org\/web\/wp-json\/wp\/v2\/media\/489"}],"wp:attachment":[{"href":"https:\/\/sociedadesdigitales.org\/web\/wp-json\/wp\/v2\/media?parent=488"}],"wp:term":[{"taxonomy":"category","embeddable":true,"href":"https:\/\/sociedadesdigitales.org\/web\/wp-json\/wp\/v2\/categories?post=488"},{"taxonomy":"post_tag","embeddable":true,"href":"https:\/\/sociedadesdigitales.org\/web\/wp-json\/wp\/v2\/tags?post=488"}],"curies":[{"name":"wp","href":"https:\/\/api.w.org\/{rel}","templated":true}]}}