{"id":3459,"date":"2026-04-30T16:40:17","date_gmt":"2026-04-30T19:40:17","guid":{"rendered":"https:\/\/sociedadesdigitales.org\/web\/?p=3459"},"modified":"2026-04-30T17:00:24","modified_gmt":"2026-04-30T20:00:24","slug":"gonzalo-antelo-expuso-sobre-desiertos-mediaticos-y-noticias-geolocalizadas-en-la-cumbre-de-comunicacion-politica","status":"publish","type":"post","link":"https:\/\/sociedadesdigitales.org\/web\/2026\/04\/30\/gonzalo-antelo-expuso-sobre-desiertos-mediaticos-y-noticias-geolocalizadas-en-la-cumbre-de-comunicacion-politica\/","title":{"rendered":"Gonzalo Antelo expuso sobre desiertos medi\u00e1ticos y noticias geolocalizadas en la Cumbre de Comunicaci\u00f3n Pol\u00edtica"},"content":{"rendered":"\n<p>En el marco de la XXIV Cumbre Mundial de Comunicaci\u00f3n Pol\u00edtica que se desarroll\u00f3 en Montevideo, nuestro especialista en medios digitales, <a href=\"https:\/\/sociedadesdigitales.org\/web\/2026\/04\/28\/aws-summit-san-francisco-2026\/\" title=\"\">Gonzalo Antelo<\/a>, abord\u00f3 el escenario actual de los medios y la circulaci\u00f3n de la informaci\u00f3n.<\/p>\n\n\n\n<p>Lo hizo a trav\u00e9s de la charla Noticias Geolocalizadas: c\u00f3mo instalar un relato para ganar y gobernar, donde advirti\u00f3 sobre el alcance del problema en Am\u00e9rica Latina: \u201cEl 65% de toda Am\u00e9rica Latina vive en un desierto informativo, sin noticias locales\u201d. En ese sentido, explic\u00f3 que la ausencia de medios en los territorios genera una desconexi\u00f3n entre la informaci\u00f3n y la realidad cotidiana de las personas.<\/p>\n\n\n\n<p>\u201cEl problema de que no haya medios locales es que la gente est\u00e1 desinformada de lo que sucede en su metro cuadrado, en su territorio\u201d, se\u00f1al\u00f3 y agreg\u00f3 que en muchos casos las audiencias terminan inform\u00e1ndose a trav\u00e9s de lo que defini\u00f3 como \u201cbosques medi\u00e1ticos\u201d, es decir, grandes centros de producci\u00f3n de noticias.<\/p>\n\n\n\n<p><strong>El impacto de la IA en el consumo informativo<\/strong><\/p>\n\n\n\n<p>Adem\u00e1s, Antelo se refiri\u00f3 al impacto de la inteligencia artificial en el ecosistema informativo y fue contundente: \u201cLa IA vino a empeorar la situaci\u00f3n\u201d. Seg\u00fan explic\u00f3, el uso creciente de estas herramientas est\u00e1 modificando los h\u00e1bitos de consumo de noticias.<\/p>\n\n\n\n<p>\u201cIncluso est\u00e1 afectando a los grandes medios de comunicaci\u00f3n. En los \u00faltimos seis meses se perdieron casi un 30 o 40% de audiencia\u201d, afirm\u00f3, y detall\u00f3 que muchas personas ya no ingresan a los portales informativos, sino que consultan directamente a sistemas de inteligencia artificial.<\/p>\n\n\n\n<p>\u201cHoy el editor de los medios del pasado son las inteligencias artificiales, son las que dicen qu\u00e9 es lo importante y qu\u00e9 es lo que no de nuestra realidad\u201d, sostuvo. En esa l\u00ednea, advirti\u00f3 que este escenario impacta directamente en el modelo de negocios de los medios, basado en la publicidad.<\/p>\n","protected":false},"excerpt":{"rendered":"<p>En el marco de la XXIV Cumbre Mundial de Comunicaci\u00f3n Pol\u00edtica que se desarroll\u00f3 en Montevideo, nuestro especialista en medios digitales, Gonzalo Antelo, abord\u00f3 el escenario actual de los medios y la circulaci\u00f3n de la informaci\u00f3n.<\/p>\n","protected":false},"author":2,"featured_media":3460,"comment_status":"closed","ping_status":"closed","sticky":false,"template":"","format":"standard","meta":{"_uag_custom_page_level_css":"","_monsterinsights_skip_tracking":false,"_monsterinsights_sitenote_active":false,"_monsterinsights_sitenote_note":"","_monsterinsights_sitenote_category":0,"footnotes":""},"categories":[15],"tags":[],"class_list":["post-3459","post","type-post","status-publish","format-standard","has-post-thumbnail","hentry","category-inteligencia-artificial"],"aioseo_notices":[],"uagb_featured_image_src":{"full":["https:\/\/sociedadesdigitales.org\/web\/wp-content\/uploads\/2026\/04\/gONZALO-aNTELO-EN-mONTEVIDEO.png",1600,1066,false],"thumbnail":["https:\/\/sociedadesdigitales.org\/web\/wp-content\/uploads\/2026\/04\/gONZALO-aNTELO-EN-mONTEVIDEO-150x150.png",150,150,true],"medium":["https:\/\/sociedadesdigitales.org\/web\/wp-content\/uploads\/2026\/04\/gONZALO-aNTELO-EN-mONTEVIDEO-300x200.png",300,200,true],"medium_large":["https:\/\/sociedadesdigitales.org\/web\/wp-content\/uploads\/2026\/04\/gONZALO-aNTELO-EN-mONTEVIDEO-768x512.png",768,512,true],"large":["https:\/\/sociedadesdigitales.org\/web\/wp-content\/uploads\/2026\/04\/gONZALO-aNTELO-EN-mONTEVIDEO-1024x682.png",1024,682,true],"1536x1536":["https:\/\/sociedadesdigitales.org\/web\/wp-content\/uploads\/2026\/04\/gONZALO-aNTELO-EN-mONTEVIDEO-1536x1023.png",1536,1023,true],"2048x2048":["https:\/\/sociedadesdigitales.org\/web\/wp-content\/uploads\/2026\/04\/gONZALO-aNTELO-EN-mONTEVIDEO.png",1600,1066,false],"post-thumbnail":["https:\/\/sociedadesdigitales.org\/web\/wp-content\/uploads\/2026\/04\/gONZALO-aNTELO-EN-mONTEVIDEO-672x448.png",672,448,true],"kleo-full-width":["https:\/\/sociedadesdigitales.org\/web\/wp-content\/uploads\/2026\/04\/gONZALO-aNTELO-EN-mONTEVIDEO-1038x692.png",1038,692,true],"kleo-post-gallery":["https:\/\/sociedadesdigitales.org\/web\/wp-content\/uploads\/2026\/04\/gONZALO-aNTELO-EN-mONTEVIDEO-480x270.png",480,270,true],"kleo-post-grid":["https:\/\/sociedadesdigitales.org\/web\/wp-content\/uploads\/2026\/04\/gONZALO-aNTELO-EN-mONTEVIDEO-480x320.png",480,320,true],"kleo-post-small-thumb":["https:\/\/sociedadesdigitales.org\/web\/wp-content\/uploads\/2026\/04\/gONZALO-aNTELO-EN-mONTEVIDEO-480x270.png",480,270,true]},"uagb_author_info":{"display_name":"Fundaci\u00f3n Sociedades Digitales","author_link":"https:\/\/sociedadesdigitales.org\/web\/author\/admin\/"},"uagb_comment_info":0,"uagb_excerpt":"En el marco de la XXIV Cumbre Mundial de Comunicaci\u00f3n Pol\u00edtica que se desarroll\u00f3 en Montevideo, nuestro especialista en medios digitales, Gonzalo Antelo, abord\u00f3 el escenario actual de los medios y la circulaci\u00f3n de la informaci\u00f3n.","_links":{"self":[{"href":"https:\/\/sociedadesdigitales.org\/web\/wp-json\/wp\/v2\/posts\/3459","targetHints":{"allow":["GET"]}}],"collection":[{"href":"https:\/\/sociedadesdigitales.org\/web\/wp-json\/wp\/v2\/posts"}],"about":[{"href":"https:\/\/sociedadesdigitales.org\/web\/wp-json\/wp\/v2\/types\/post"}],"author":[{"embeddable":true,"href":"https:\/\/sociedadesdigitales.org\/web\/wp-json\/wp\/v2\/users\/2"}],"replies":[{"embeddable":true,"href":"https:\/\/sociedadesdigitales.org\/web\/wp-json\/wp\/v2\/comments?post=3459"}],"version-history":[{"count":2,"href":"https:\/\/sociedadesdigitales.org\/web\/wp-json\/wp\/v2\/posts\/3459\/revisions"}],"predecessor-version":[{"id":3479,"href":"https:\/\/sociedadesdigitales.org\/web\/wp-json\/wp\/v2\/posts\/3459\/revisions\/3479"}],"wp:featuredmedia":[{"embeddable":true,"href":"https:\/\/sociedadesdigitales.org\/web\/wp-json\/wp\/v2\/media\/3460"}],"wp:attachment":[{"href":"https:\/\/sociedadesdigitales.org\/web\/wp-json\/wp\/v2\/media?parent=3459"}],"wp:term":[{"taxonomy":"category","embeddable":true,"href":"https:\/\/sociedadesdigitales.org\/web\/wp-json\/wp\/v2\/categories?post=3459"},{"taxonomy":"post_tag","embeddable":true,"href":"https:\/\/sociedadesdigitales.org\/web\/wp-json\/wp\/v2\/tags?post=3459"}],"curies":[{"name":"wp","href":"https:\/\/api.w.org\/{rel}","templated":true}]}}