{"id":3456,"date":"2026-04-30T00:13:10","date_gmt":"2026-04-30T03:13:10","guid":{"rendered":"https:\/\/sociedadesdigitales.org\/web\/?p=3456"},"modified":"2026-04-30T00:13:53","modified_gmt":"2026-04-30T03:13:53","slug":"kicillof-en-barcelona-si-no-reflexionamos-sobre-el-uso-democratico-de-la-tecnologia-estamos-perdidos","status":"publish","type":"post","link":"https:\/\/sociedadesdigitales.org\/web\/2026\/04\/30\/kicillof-en-barcelona-si-no-reflexionamos-sobre-el-uso-democratico-de-la-tecnologia-estamos-perdidos\/","title":{"rendered":"Kicillof en Barcelona: \u00abSi no reflexionamos sobre el uso democr\u00e1tico de la tecnolog\u00eda, estamos perdidos\u00bb"},"content":{"rendered":"\n<p>En el marco de la Global Progressive Mobilisation celebrada en Barcelona, el gobernador de la provincia de Buenos Aires, Axel Kicillof, particip\u00f3 de una serie de paneles y encuentros internacionales donde analiz\u00f3 el impacto de la Inteligencia Artificial y las nuevas tecnolog\u00edas en el escenario pol\u00edtico actual.<\/p>\n\n\n\n<p>Ante un auditorio de l\u00edderes globales, el mandatario advirti\u00f3 sobre la mutaci\u00f3n de las herramientas digitales, se\u00f1alando que \u00ablo que se vendi\u00f3 y se present\u00f3 como una cuesti\u00f3n de democratizar, de abrir, de dar la voz a todos, se ha convertido en algo opresivo y finalmente concentrado\u00bb.<\/p>\n\n\n\n<p>Kicillof enfatiz\u00f3 la necesidad de que los sectores progresistas asuman un rol activo en la gobernanza tecnol\u00f3gica para evitar que estas innovaciones profundicen las desigualdades. En ese sentido, fue tajante respecto al futuro de la regi\u00f3n: \u00abEn Argentina queremos hacer un uso en favor de nuestros pueblos de las nuevas tecnolog\u00edas\u00bb.<\/p>\n\n\n\n<p>La intervenci\u00f3n del gobernador concluy\u00f3 con un llamado a la acci\u00f3n y a la soberan\u00eda digital, asegurando que \u00absi no reflexionamos sobre las nuevas tecnolog\u00edas y su uso democr\u00e1tico, y su uso en favor de los pueblos, estamos realmente perdidos\u00bb.<\/p>\n\n\n\n<p>Desde la Fundaci\u00f3n Sociedades Digitales, compartimos este material que refuerza nuestro compromiso con el debate sobre una tecnolog\u00eda al servicio de la justicia social y la democracia.<\/p>\n\n\n\n<figure class=\"wp-block-embed is-type-video is-provider-youtube wp-block-embed-youtube wp-embed-aspect-16-9 wp-has-aspect-ratio\"><div class=\"wp-block-embed__wrapper\">\n<iframe loading=\"lazy\" title=\"KICILLOF: &quot;Si no reflexionamos sobre el uso democr\u00e1tico de la tecnolog\u00eda, estamos perdidos&quot;\" width=\"1200\" height=\"675\" src=\"https:\/\/www.youtube.com\/embed\/HjW7Ot5CLHs?feature=oembed&amp;wmode=opaque&amp;showinfo=0\" style=\"border: none\" allow=\"accelerometer; autoplay; clipboard-write; encrypted-media; gyroscope; picture-in-picture; web-share\" referrerpolicy=\"strict-origin-when-cross-origin\" allowfullscreen><\/iframe>\n<\/div><\/figure>\n","protected":false},"excerpt":{"rendered":"<p>En el marco de la Global Progressive Mobilisation celebrada en Barcelona, el gobernador de la provincia de Buenos Aires, Axel Kicillof, particip\u00f3 de una serie de paneles y encuentros internacionales donde analiz\u00f3 el impacto de la Inteligencia Artificial y las nuevas tecnolog\u00edas en el escenario pol\u00edtico actual. Ante un auditorio de l\u00edderes globales, el mandatario advirti\u00f3 sobre la mutaci\u00f3n de [&hellip;]<\/p>\n","protected":false},"author":2,"featured_media":3458,"comment_status":"closed","ping_status":"closed","sticky":false,"template":"","format":"standard","meta":{"_uag_custom_page_level_css":"","_monsterinsights_skip_tracking":false,"_monsterinsights_sitenote_active":false,"_monsterinsights_sitenote_note":"","_monsterinsights_sitenote_category":0,"footnotes":""},"categories":[15],"tags":[],"class_list":["post-3456","post","type-post","status-publish","format-standard","has-post-thumbnail","hentry","category-inteligencia-artificial"],"aioseo_notices":[],"uagb_featured_image_src":{"full":["https:\/\/sociedadesdigitales.org\/web\/wp-content\/uploads\/2026\/04\/0429-1-Cover.jpg",1920,1080,false],"thumbnail":["https:\/\/sociedadesdigitales.org\/web\/wp-content\/uploads\/2026\/04\/0429-1-Cover-150x150.jpg",150,150,true],"medium":["https:\/\/sociedadesdigitales.org\/web\/wp-content\/uploads\/2026\/04\/0429-1-Cover-300x169.jpg",300,169,true],"medium_large":["https:\/\/sociedadesdigitales.org\/web\/wp-content\/uploads\/2026\/04\/0429-1-Cover-768x432.jpg",768,432,true],"large":["https:\/\/sociedadesdigitales.org\/web\/wp-content\/uploads\/2026\/04\/0429-1-Cover-1024x576.jpg",1024,576,true],"1536x1536":["https:\/\/sociedadesdigitales.org\/web\/wp-content\/uploads\/2026\/04\/0429-1-Cover-1536x864.jpg",1536,864,true],"2048x2048":["https:\/\/sociedadesdigitales.org\/web\/wp-content\/uploads\/2026\/04\/0429-1-Cover.jpg",1920,1080,false],"post-thumbnail":["https:\/\/sociedadesdigitales.org\/web\/wp-content\/uploads\/2026\/04\/0429-1-Cover-672x378.jpg",672,378,true],"kleo-full-width":["https:\/\/sociedadesdigitales.org\/web\/wp-content\/uploads\/2026\/04\/0429-1-Cover-1038x584.jpg",1038,584,true],"kleo-post-gallery":["https:\/\/sociedadesdigitales.org\/web\/wp-content\/uploads\/2026\/04\/0429-1-Cover-480x270.jpg",480,270,true],"kleo-post-grid":["https:\/\/sociedadesdigitales.org\/web\/wp-content\/uploads\/2026\/04\/0429-1-Cover-480x270.jpg",480,270,true],"kleo-post-small-thumb":["https:\/\/sociedadesdigitales.org\/web\/wp-content\/uploads\/2026\/04\/0429-1-Cover-480x270.jpg",480,270,true]},"uagb_author_info":{"display_name":"Fundaci\u00f3n Sociedades Digitales","author_link":"https:\/\/sociedadesdigitales.org\/web\/author\/admin\/"},"uagb_comment_info":0,"uagb_excerpt":"En el marco de la Global Progressive Mobilisation celebrada en Barcelona, el gobernador de la provincia de Buenos Aires, Axel Kicillof, particip\u00f3 de una serie de paneles y encuentros internacionales donde analiz\u00f3 el impacto de la Inteligencia Artificial y las nuevas tecnolog\u00edas en el escenario pol\u00edtico actual. Ante un auditorio de l\u00edderes globales, el mandatario&hellip;","_links":{"self":[{"href":"https:\/\/sociedadesdigitales.org\/web\/wp-json\/wp\/v2\/posts\/3456","targetHints":{"allow":["GET"]}}],"collection":[{"href":"https:\/\/sociedadesdigitales.org\/web\/wp-json\/wp\/v2\/posts"}],"about":[{"href":"https:\/\/sociedadesdigitales.org\/web\/wp-json\/wp\/v2\/types\/post"}],"author":[{"embeddable":true,"href":"https:\/\/sociedadesdigitales.org\/web\/wp-json\/wp\/v2\/users\/2"}],"replies":[{"embeddable":true,"href":"https:\/\/sociedadesdigitales.org\/web\/wp-json\/wp\/v2\/comments?post=3456"}],"version-history":[{"count":1,"href":"https:\/\/sociedadesdigitales.org\/web\/wp-json\/wp\/v2\/posts\/3456\/revisions"}],"predecessor-version":[{"id":3457,"href":"https:\/\/sociedadesdigitales.org\/web\/wp-json\/wp\/v2\/posts\/3456\/revisions\/3457"}],"wp:featuredmedia":[{"embeddable":true,"href":"https:\/\/sociedadesdigitales.org\/web\/wp-json\/wp\/v2\/media\/3458"}],"wp:attachment":[{"href":"https:\/\/sociedadesdigitales.org\/web\/wp-json\/wp\/v2\/media?parent=3456"}],"wp:term":[{"taxonomy":"category","embeddable":true,"href":"https:\/\/sociedadesdigitales.org\/web\/wp-json\/wp\/v2\/categories?post=3456"},{"taxonomy":"post_tag","embeddable":true,"href":"https:\/\/sociedadesdigitales.org\/web\/wp-json\/wp\/v2\/tags?post=3456"}],"curies":[{"name":"wp","href":"https:\/\/api.w.org\/{rel}","templated":true}]}}