{"id":3452,"date":"2026-04-30T00:08:47","date_gmt":"2026-04-30T03:08:47","guid":{"rendered":"https:\/\/sociedadesdigitales.org\/web\/?p=3452"},"modified":"2026-04-30T00:08:49","modified_gmt":"2026-04-30T03:08:49","slug":"soberania-tecnologica-y-estrategia-global-la-fundacion-sociedades-digitales-en-la-cumbre-de-barcelona","status":"publish","type":"post","link":"https:\/\/sociedadesdigitales.org\/web\/2026\/04\/30\/soberania-tecnologica-y-estrategia-global-la-fundacion-sociedades-digitales-en-la-cumbre-de-barcelona\/","title":{"rendered":"Soberan\u00eda Tecnol\u00f3gica y Estrategia Global: La Fundaci\u00f3n Sociedades Digitales en la cumbre de Barcelona"},"content":{"rendered":"\n<p>Con la participaci\u00f3n de dirigentes de 140 partidos de todo el mundo y m\u00e1s de 8.000 asistentes, la Fundaci\u00f3n Sociedades Digitales fue protagonista de la Global Progressive Mobilisation celebrada en Barcelona. El encuentro se consolid\u00f3 como el espacio de debate pol\u00edtico y tecnol\u00f3gico m\u00e1s importante de la regi\u00f3n para los sectores progresistas.<\/p>\n\n\n\n<p>El presidente de la Fundaci\u00f3n, Sebasti\u00e1n Lorenzo, destac\u00f3 la necesidad de este despliegue organizativo frente a la actual reconfiguraci\u00f3n geopol\u00edtica. \u00abEstamos aqu\u00ed para discutir estrategias de cara al futuro. Es fundamental que los sectores progresistas se organicen y comiencen a ver estrat\u00e9gicamente los siguientes pasos\u00bb, se\u00f1al\u00f3 Lorenzo desde el centro de convenciones.<\/p>\n\n\n\n<p>Durante las jornadas, la Fundaci\u00f3n puso el foco en el ecosistema digital y los riesgos de la concentraci\u00f3n tecnol\u00f3gica. \u00abNo sabemos si lo que est\u00e1 sucediendo con la tecnolog\u00eda digital va a terminar en algo bueno para la humanidad o en un problema que no vamos a poder solucionar. De fondo de la tecnolog\u00eda est\u00e1 la pol\u00edtica\u00bb, advirti\u00f3 el titular de la entidad, subrayando que la innovaci\u00f3n debe estar supeditada a los intereses de los pueblos.<\/p>\n\n\n\n<p>La presencia en Barcelona, junto a delegaciones internacionales de primer nivel, reafirma el rol de la Fundaci\u00f3n Sociedades Digitales como un actor clave en la construcci\u00f3n de una agenda que integre el desarrollo tecnol\u00f3gico con la justicia social y la defensa de la democracia a escala global.<\/p>\n\n\n\n<figure class=\"wp-block-embed is-type-video is-provider-youtube wp-block-embed-youtube wp-embed-aspect-16-9 wp-has-aspect-ratio\"><div class=\"wp-block-embed__wrapper\">\n<iframe loading=\"lazy\" title=\"Soberan\u00eda tecnol\u00f3gica y estrategia en la Global Progressive Mobilisation\" width=\"1200\" height=\"675\" src=\"https:\/\/www.youtube.com\/embed\/MaAH-BFOkSw?feature=oembed&amp;wmode=opaque&amp;showinfo=0\" style=\"border: none\" allow=\"accelerometer; autoplay; clipboard-write; encrypted-media; gyroscope; picture-in-picture; web-share\" referrerpolicy=\"strict-origin-when-cross-origin\" allowfullscreen><\/iframe>\n<\/div><\/figure>\n","protected":false},"excerpt":{"rendered":"<p>Con la participaci\u00f3n de dirigentes de 140 partidos de todo el mundo y m\u00e1s de 8.000 asistentes, la Fundaci\u00f3n Sociedades Digitales fue protagonista de la Global Progressive Mobilisation celebrada en Barcelona. El encuentro se consolid\u00f3 como el espacio de debate pol\u00edtico y tecnol\u00f3gico m\u00e1s importante de la regi\u00f3n para los sectores progresistas. El presidente de la Fundaci\u00f3n, Sebasti\u00e1n Lorenzo, destac\u00f3 [&hellip;]<\/p>\n","protected":false},"author":2,"featured_media":3453,"comment_status":"closed","ping_status":"closed","sticky":false,"template":"","format":"standard","meta":{"_uag_custom_page_level_css":"","_monsterinsights_skip_tracking":false,"_monsterinsights_sitenote_active":false,"_monsterinsights_sitenote_note":"","_monsterinsights_sitenote_category":0,"footnotes":""},"categories":[15],"tags":[],"class_list":["post-3452","post","type-post","status-publish","format-standard","has-post-thumbnail","hentry","category-inteligencia-artificial"],"aioseo_notices":[],"uagb_featured_image_src":{"full":["https:\/\/sociedadesdigitales.org\/web\/wp-content\/uploads\/2026\/04\/seba.png",1366,798,false],"thumbnail":["https:\/\/sociedadesdigitales.org\/web\/wp-content\/uploads\/2026\/04\/seba-150x150.png",150,150,true],"medium":["https:\/\/sociedadesdigitales.org\/web\/wp-content\/uploads\/2026\/04\/seba-300x175.png",300,175,true],"medium_large":["https:\/\/sociedadesdigitales.org\/web\/wp-content\/uploads\/2026\/04\/seba-768x449.png",768,449,true],"large":["https:\/\/sociedadesdigitales.org\/web\/wp-content\/uploads\/2026\/04\/seba-1024x598.png",1024,598,true],"1536x1536":["https:\/\/sociedadesdigitales.org\/web\/wp-content\/uploads\/2026\/04\/seba.png",1366,798,false],"2048x2048":["https:\/\/sociedadesdigitales.org\/web\/wp-content\/uploads\/2026\/04\/seba.png",1366,798,false],"post-thumbnail":["https:\/\/sociedadesdigitales.org\/web\/wp-content\/uploads\/2026\/04\/seba-672x393.png",672,393,true],"kleo-full-width":["https:\/\/sociedadesdigitales.org\/web\/wp-content\/uploads\/2026\/04\/seba-1038x606.png",1038,606,true],"kleo-post-gallery":["https:\/\/sociedadesdigitales.org\/web\/wp-content\/uploads\/2026\/04\/seba-480x270.png",480,270,true],"kleo-post-grid":["https:\/\/sociedadesdigitales.org\/web\/wp-content\/uploads\/2026\/04\/seba-480x280.png",480,280,true],"kleo-post-small-thumb":["https:\/\/sociedadesdigitales.org\/web\/wp-content\/uploads\/2026\/04\/seba-480x270.png",480,270,true]},"uagb_author_info":{"display_name":"Fundaci\u00f3n Sociedades Digitales","author_link":"https:\/\/sociedadesdigitales.org\/web\/author\/admin\/"},"uagb_comment_info":0,"uagb_excerpt":"Con la participaci\u00f3n de dirigentes de 140 partidos de todo el mundo y m\u00e1s de 8.000 asistentes, la Fundaci\u00f3n Sociedades Digitales fue protagonista de la Global Progressive Mobilisation celebrada en Barcelona. El encuentro se consolid\u00f3 como el espacio de debate pol\u00edtico y tecnol\u00f3gico m\u00e1s importante de la regi\u00f3n para los sectores progresistas. El presidente de&hellip;","_links":{"self":[{"href":"https:\/\/sociedadesdigitales.org\/web\/wp-json\/wp\/v2\/posts\/3452","targetHints":{"allow":["GET"]}}],"collection":[{"href":"https:\/\/sociedadesdigitales.org\/web\/wp-json\/wp\/v2\/posts"}],"about":[{"href":"https:\/\/sociedadesdigitales.org\/web\/wp-json\/wp\/v2\/types\/post"}],"author":[{"embeddable":true,"href":"https:\/\/sociedadesdigitales.org\/web\/wp-json\/wp\/v2\/users\/2"}],"replies":[{"embeddable":true,"href":"https:\/\/sociedadesdigitales.org\/web\/wp-json\/wp\/v2\/comments?post=3452"}],"version-history":[{"count":1,"href":"https:\/\/sociedadesdigitales.org\/web\/wp-json\/wp\/v2\/posts\/3452\/revisions"}],"predecessor-version":[{"id":3454,"href":"https:\/\/sociedadesdigitales.org\/web\/wp-json\/wp\/v2\/posts\/3452\/revisions\/3454"}],"wp:featuredmedia":[{"embeddable":true,"href":"https:\/\/sociedadesdigitales.org\/web\/wp-json\/wp\/v2\/media\/3453"}],"wp:attachment":[{"href":"https:\/\/sociedadesdigitales.org\/web\/wp-json\/wp\/v2\/media?parent=3452"}],"wp:term":[{"taxonomy":"category","embeddable":true,"href":"https:\/\/sociedadesdigitales.org\/web\/wp-json\/wp\/v2\/categories?post=3452"},{"taxonomy":"post_tag","embeddable":true,"href":"https:\/\/sociedadesdigitales.org\/web\/wp-json\/wp\/v2\/tags?post=3452"}],"curies":[{"name":"wp","href":"https:\/\/api.w.org\/{rel}","templated":true}]}}