{"id":3448,"date":"2026-04-29T23:55:46","date_gmt":"2026-04-30T02:55:46","guid":{"rendered":"https:\/\/sociedadesdigitales.org\/web\/?p=3448"},"modified":"2026-04-29T23:57:49","modified_gmt":"2026-04-30T02:57:49","slug":"la-fundacion-sociedades-digitales-se-suma-a-la-iniciativa-a-parar-la-guerra","status":"publish","type":"post","link":"https:\/\/sociedadesdigitales.org\/web\/2026\/04\/29\/la-fundacion-sociedades-digitales-se-suma-a-la-iniciativa-a-parar-la-guerra\/","title":{"rendered":"La Fundaci\u00f3n Sociedades Digitales se suma a la iniciativa \u00abA parar la guerra\u00bb"},"content":{"rendered":"\n<p>En el marco de la Global Progressive Mobilisation celebrada en Barcelona, la Fundaci\u00f3n Sociedades Digitales mantuvo un di\u00e1logo con Joanen Cunyat, portavoz de la plataforma \u00abA Parar la Guerra\u00bb, una red que actualmente agrupa a 225 organizaciones y a cientos de profesionales de la cultura en Espa\u00f1a.<\/p>\n\n\n\n<p>El proyecto funciona como un espacio de articulaci\u00f3n para conectar a organizaciones y personas que buscan defender la legalidad internacional y el multilateralismo frente a los conflictos b\u00e9licos actuales. Durante el encuentro, Cunyat explic\u00f3 la importancia de generar una respuesta coordinada a nivel global:<\/p>\n\n\n\n<p>\u00abLos dem\u00f3cratas nos debemos unir para defender la legalidad internacional\u2026 es el momento de que no solo en Espa\u00f1a sigamos haciendo un esfuerzo por ser un factor de paz, sino que haya una movilizaci\u00f3n internacional\u00bb.<\/p>\n\n\n\n<p>La plataforma pone \u00e9nfasis en la necesidad de hermanar esfuerzos de \u00abpunta a punta del planeta\u00bb, se\u00f1alando especialmente a Latinoam\u00e9rica como un actor clave para conformar un frente com\u00fan que exija soluciones dialogadas y el fin de los conflictos en zonas como Oriente Medio.<\/p>\n\n\n\n<p>Desde la Fundaci\u00f3n Sociedades Digitales, anunciamos nuestra adhesi\u00f3n a esta red. Consideramos que es una iniciativa fundamental que utiliza la conectividad para vincular a sectores progresistas y potenciar un mensaje de paz. Como instituci\u00f3n, nos sumamos a este esfuerzo de articulaci\u00f3n internacional para fortalecer los lazos entre las organizaciones de nuestra regi\u00f3n y el mundo.<\/p>\n\n\n\n<figure class=\"wp-block-embed is-type-video is-provider-youtube wp-block-embed-youtube wp-embed-aspect-16-9 wp-has-aspect-ratio\"><div class=\"wp-block-embed__wrapper\">\n<iframe loading=\"lazy\" title=\"A PARAR LA GUERRA | La Fundaci\u00f3n Sociedades Digitales se suma a la iniciativa global\" width=\"1200\" height=\"675\" src=\"https:\/\/www.youtube.com\/embed\/FeSqlO5fsqU?feature=oembed&amp;wmode=opaque&amp;showinfo=0\" style=\"border: none\" allow=\"accelerometer; autoplay; clipboard-write; encrypted-media; gyroscope; picture-in-picture; web-share\" referrerpolicy=\"strict-origin-when-cross-origin\" allowfullscreen><\/iframe>\n<\/div><\/figure>\n","protected":false},"excerpt":{"rendered":"<p>Di\u00e1logo con Joanen Cunyat, portavoz de la plataforma \u00abA Parar la Guerra\u00bb, una red que actualmente agrupa a 225 organizaciones y a cientos de profesionales de la cultura en Espa\u00f1a.<\/p>\n","protected":false},"author":2,"featured_media":3451,"comment_status":"closed","ping_status":"closed","sticky":false,"template":"","format":"standard","meta":{"_uag_custom_page_level_css":"","_monsterinsights_skip_tracking":false,"_monsterinsights_sitenote_active":false,"_monsterinsights_sitenote_note":"","_monsterinsights_sitenote_category":0,"footnotes":""},"categories":[15],"tags":[],"class_list":["post-3448","post","type-post","status-publish","format-standard","has-post-thumbnail","hentry","category-inteligencia-artificial"],"aioseo_notices":[],"uagb_featured_image_src":{"full":["https:\/\/sociedadesdigitales.org\/web\/wp-content\/uploads\/2026\/04\/0429-11-Cover.jpg",1920,1080,false],"thumbnail":["https:\/\/sociedadesdigitales.org\/web\/wp-content\/uploads\/2026\/04\/0429-11-Cover-150x150.jpg",150,150,true],"medium":["https:\/\/sociedadesdigitales.org\/web\/wp-content\/uploads\/2026\/04\/0429-11-Cover-300x169.jpg",300,169,true],"medium_large":["https:\/\/sociedadesdigitales.org\/web\/wp-content\/uploads\/2026\/04\/0429-11-Cover-768x432.jpg",768,432,true],"large":["https:\/\/sociedadesdigitales.org\/web\/wp-content\/uploads\/2026\/04\/0429-11-Cover-1024x576.jpg",1024,576,true],"1536x1536":["https:\/\/sociedadesdigitales.org\/web\/wp-content\/uploads\/2026\/04\/0429-11-Cover-1536x864.jpg",1536,864,true],"2048x2048":["https:\/\/sociedadesdigitales.org\/web\/wp-content\/uploads\/2026\/04\/0429-11-Cover.jpg",1920,1080,false],"post-thumbnail":["https:\/\/sociedadesdigitales.org\/web\/wp-content\/uploads\/2026\/04\/0429-11-Cover-672x378.jpg",672,378,true],"kleo-full-width":["https:\/\/sociedadesdigitales.org\/web\/wp-content\/uploads\/2026\/04\/0429-11-Cover-1038x584.jpg",1038,584,true],"kleo-post-gallery":["https:\/\/sociedadesdigitales.org\/web\/wp-content\/uploads\/2026\/04\/0429-11-Cover-480x270.jpg",480,270,true],"kleo-post-grid":["https:\/\/sociedadesdigitales.org\/web\/wp-content\/uploads\/2026\/04\/0429-11-Cover-480x270.jpg",480,270,true],"kleo-post-small-thumb":["https:\/\/sociedadesdigitales.org\/web\/wp-content\/uploads\/2026\/04\/0429-11-Cover-480x270.jpg",480,270,true]},"uagb_author_info":{"display_name":"Fundaci\u00f3n Sociedades Digitales","author_link":"https:\/\/sociedadesdigitales.org\/web\/author\/admin\/"},"uagb_comment_info":0,"uagb_excerpt":"Di\u00e1logo con Joanen Cunyat, portavoz de la plataforma \"A Parar la Guerra\", una red que actualmente agrupa a 225 organizaciones y a cientos de profesionales de la cultura en Espa\u00f1a.","_links":{"self":[{"href":"https:\/\/sociedadesdigitales.org\/web\/wp-json\/wp\/v2\/posts\/3448","targetHints":{"allow":["GET"]}}],"collection":[{"href":"https:\/\/sociedadesdigitales.org\/web\/wp-json\/wp\/v2\/posts"}],"about":[{"href":"https:\/\/sociedadesdigitales.org\/web\/wp-json\/wp\/v2\/types\/post"}],"author":[{"embeddable":true,"href":"https:\/\/sociedadesdigitales.org\/web\/wp-json\/wp\/v2\/users\/2"}],"replies":[{"embeddable":true,"href":"https:\/\/sociedadesdigitales.org\/web\/wp-json\/wp\/v2\/comments?post=3448"}],"version-history":[{"count":1,"href":"https:\/\/sociedadesdigitales.org\/web\/wp-json\/wp\/v2\/posts\/3448\/revisions"}],"predecessor-version":[{"id":3450,"href":"https:\/\/sociedadesdigitales.org\/web\/wp-json\/wp\/v2\/posts\/3448\/revisions\/3450"}],"wp:featuredmedia":[{"embeddable":true,"href":"https:\/\/sociedadesdigitales.org\/web\/wp-json\/wp\/v2\/media\/3451"}],"wp:attachment":[{"href":"https:\/\/sociedadesdigitales.org\/web\/wp-json\/wp\/v2\/media?parent=3448"}],"wp:term":[{"taxonomy":"category","embeddable":true,"href":"https:\/\/sociedadesdigitales.org\/web\/wp-json\/wp\/v2\/categories?post=3448"},{"taxonomy":"post_tag","embeddable":true,"href":"https:\/\/sociedadesdigitales.org\/web\/wp-json\/wp\/v2\/tags?post=3448"}],"curies":[{"name":"wp","href":"https:\/\/api.w.org\/{rel}","templated":true}]}}