{"id":3190,"date":"2025-11-12T20:33:00","date_gmt":"2025-11-12T23:33:00","guid":{"rendered":"https:\/\/sociedadesdigitales.org\/web\/?p=3190"},"modified":"2025-11-13T12:17:50","modified_gmt":"2025-11-13T15:17:50","slug":"iberoamerica-frente-a-la-computacion-cuantica-la-urgencia-de-una-estrategia-compartida","status":"publish","type":"post","link":"https:\/\/sociedadesdigitales.org\/web\/2025\/11\/12\/iberoamerica-frente-a-la-computacion-cuantica-la-urgencia-de-una-estrategia-compartida\/","title":{"rendered":"Iberoam\u00e9rica frente a la computaci\u00f3n cu\u00e1ntica: la urgencia de una estrategia compartida"},"content":{"rendered":"\n<p>Desde la Fundaci\u00f3n Sociedades Digitales organizamos un encuentro virtual sobre <em>Computaci\u00f3n Cu\u00e1ntica y Pol\u00edtica<\/em>, reuniendo a m\u00e1s de 150 participantes de toda Iberoam\u00e9rica para debatir uno de los temas tecnol\u00f3gicos m\u00e1s estrat\u00e9gicos del futuro. El evento cont\u00f3 con la participaci\u00f3n de destacados acad\u00e9micos, funcionarios p\u00fablicos, representantes de la industria y l\u00edderes de opini\u00f3n, quienes abordaron las implicancias pol\u00edticas, econ\u00f3micas y sociales de la computaci\u00f3n cu\u00e1ntica.<\/p>\n\n\n\n<p><strong>La pol\u00edtica como gu\u00eda ante la revoluci\u00f3n tecnol\u00f3gica<\/strong><\/p>\n\n\n\n<p>El encuentro fue inaugurado por Sebasti\u00e1n Lorenzo, presidente de la Fundaci\u00f3n Sociedades Digitales, quien remarc\u00f3: \u201cNuestro sue\u00f1o siempre fue que la pol\u00edtica llegue antes que el mercado, que al momento de tomar las decisiones se entienda el impacto social de estas tecnolog\u00edas\u201d. Sebasti\u00e1n tambi\u00e9n hizo \u00e9nfasis en la urgencia de que los Estados lideren esta conversaci\u00f3n.<\/p>\n\n\n\n<figure class=\"wp-block-image size-large is-resized\"><img loading=\"lazy\" decoding=\"async\" width=\"1024\" height=\"547\" src=\"https:\/\/sociedadesdigitales.org\/web\/wp-content\/uploads\/2025\/11\/2.-Sebastian-Lorenzo-1024x547.jpg\" alt=\"\" class=\"wp-image-3192\" style=\"width:477px;height:auto\" srcset=\"https:\/\/sociedadesdigitales.org\/web\/wp-content\/uploads\/2025\/11\/2.-Sebastian-Lorenzo-1024x547.jpg 1024w, https:\/\/sociedadesdigitales.org\/web\/wp-content\/uploads\/2025\/11\/2.-Sebastian-Lorenzo-300x160.jpg 300w, https:\/\/sociedadesdigitales.org\/web\/wp-content\/uploads\/2025\/11\/2.-Sebastian-Lorenzo-768x411.jpg 768w, https:\/\/sociedadesdigitales.org\/web\/wp-content\/uploads\/2025\/11\/2.-Sebastian-Lorenzo-672x359.jpg 672w, https:\/\/sociedadesdigitales.org\/web\/wp-content\/uploads\/2025\/11\/2.-Sebastian-Lorenzo-1038x555.jpg 1038w, https:\/\/sociedadesdigitales.org\/web\/wp-content\/uploads\/2025\/11\/2.-Sebastian-Lorenzo-480x257.jpg 480w, https:\/\/sociedadesdigitales.org\/web\/wp-content\/uploads\/2025\/11\/2.-Sebastian-Lorenzo.jpg 1100w\" sizes=\"auto, (max-width: 1024px) 100vw, 1024px\" \/><\/figure>\n\n\n\n<p><strong>Una mirada regional: soberan\u00eda, colaboraci\u00f3n y desaf\u00edos compartidos<\/strong><\/p>\n\n\n\n<p>La perspectiva iberoamericana fue un pilar central del debate. Pablo \u00c1lvarez, vicepresidente de la empresa de telecomunicaciones uruguaya, ANTEL, comparti\u00f3 la experiencia de esta empresa p\u00fablica que concibe la conectividad como un derecho. Desde su mirada, alert\u00f3 sobre los riesgos de la mercantilizaci\u00f3n de la vida y la creciente desigualdad en el marco de un capitalismo de datos. Se\u00f1alando c\u00f3mo las tecnolog\u00edas digitales reconfiguran el poder a una velocidad sin precedentes. \u201cHoy es imposible pensar en soberan\u00eda en este escenario si no es en clave regional\u201d, afirm\u00f3 \u00c1lvarez. Adem\u00e1s, subray\u00f3 la necesidad de pensar los problemas desde el Sur\u201d&nbsp;<\/p>\n\n\n\n<p>En esta l\u00ednea, Camila Chirino, directora del programa de formaci\u00f3n de la Fundaci\u00f3n Sociedades Digitales, aport\u00f3 un an\u00e1lisis sobre el lugar de Am\u00e9rica Latina en la producci\u00f3n cient\u00edfica sobre computaci\u00f3n cu\u00e1ntica y destac\u00f3 el crecimiento continuo en este campo, aunque seguimos en un lugar perif\u00e9rico en el mapa geopol\u00edtico.&nbsp;<\/p>\n\n\n\n<div class=\"wp-block-columns is-layout-flex wp-container-core-columns-is-layout-9d6595d7 wp-block-columns-is-layout-flex\">\n<div class=\"wp-block-column is-layout-flow wp-block-column-is-layout-flow\" style=\"flex-basis:100%\">\n<div class=\"wp-block-columns is-layout-flex wp-container-core-columns-is-layout-9d6595d7 wp-block-columns-is-layout-flex\">\n<div class=\"wp-block-column is-layout-flow wp-block-column-is-layout-flow\">\n<figure class=\"wp-block-image size-large\"><img loading=\"lazy\" decoding=\"async\" width=\"1024\" height=\"548\" src=\"https:\/\/sociedadesdigitales.org\/web\/wp-content\/uploads\/2025\/11\/1.-Camila-Chirino-1-1024x548.jpg\" alt=\"\" class=\"wp-image-3195\" srcset=\"https:\/\/sociedadesdigitales.org\/web\/wp-content\/uploads\/2025\/11\/1.-Camila-Chirino-1-1024x548.jpg 1024w, https:\/\/sociedadesdigitales.org\/web\/wp-content\/uploads\/2025\/11\/1.-Camila-Chirino-1-300x161.jpg 300w, https:\/\/sociedadesdigitales.org\/web\/wp-content\/uploads\/2025\/11\/1.-Camila-Chirino-1-768x411.jpg 768w, https:\/\/sociedadesdigitales.org\/web\/wp-content\/uploads\/2025\/11\/1.-Camila-Chirino-1-672x360.jpg 672w, https:\/\/sociedadesdigitales.org\/web\/wp-content\/uploads\/2025\/11\/1.-Camila-Chirino-1-1038x556.jpg 1038w, https:\/\/sociedadesdigitales.org\/web\/wp-content\/uploads\/2025\/11\/1.-Camila-Chirino-1-480x257.jpg 480w, https:\/\/sociedadesdigitales.org\/web\/wp-content\/uploads\/2025\/11\/1.-Camila-Chirino-1.jpg 1098w\" sizes=\"auto, (max-width: 1024px) 100vw, 1024px\" \/><\/figure>\n<\/div>\n\n\n\n<div class=\"wp-block-column is-layout-flow wp-block-column-is-layout-flow\">\n<figure class=\"wp-block-image size-large\"><img loading=\"lazy\" decoding=\"async\" width=\"1024\" height=\"554\" src=\"https:\/\/sociedadesdigitales.org\/web\/wp-content\/uploads\/2025\/11\/4.-Pablo-Alvarez-1-1024x554.jpg\" alt=\"\" class=\"wp-image-3196\" srcset=\"https:\/\/sociedadesdigitales.org\/web\/wp-content\/uploads\/2025\/11\/4.-Pablo-Alvarez-1-1024x554.jpg 1024w, https:\/\/sociedadesdigitales.org\/web\/wp-content\/uploads\/2025\/11\/4.-Pablo-Alvarez-1-300x162.jpg 300w, https:\/\/sociedadesdigitales.org\/web\/wp-content\/uploads\/2025\/11\/4.-Pablo-Alvarez-1-768x416.jpg 768w, https:\/\/sociedadesdigitales.org\/web\/wp-content\/uploads\/2025\/11\/4.-Pablo-Alvarez-1-672x364.jpg 672w, https:\/\/sociedadesdigitales.org\/web\/wp-content\/uploads\/2025\/11\/4.-Pablo-Alvarez-1-1038x562.jpg 1038w, https:\/\/sociedadesdigitales.org\/web\/wp-content\/uploads\/2025\/11\/4.-Pablo-Alvarez-1-480x260.jpg 480w, https:\/\/sociedadesdigitales.org\/web\/wp-content\/uploads\/2025\/11\/4.-Pablo-Alvarez-1.jpg 1096w\" sizes=\"auto, (max-width: 1024px) 100vw, 1024px\" \/><\/figure>\n<\/div>\n<\/div>\n<\/div>\n<\/div>\n\n\n\n<p><strong>Espa\u00f1a: un caso de estudio en estrategia cu\u00e1ntica nacional<\/strong><\/p>\n\n\n\n<p>Desde el otro lado del Atl\u00e1ntico, Alberto Gago, de la Oficina para la Espa\u00f1a Digital 2026, detall\u00f3 la Estrategia Nacional de Tecnolog\u00edas Cu\u00e1nticas de Espa\u00f1a, que cuenta con una inversi\u00f3n de casi 1.000 millones de euros. \u201cEsta estrategia tiene que ver con una apuesta clara por el avance tecnol\u00f3gico de nuestro pa\u00eds y por la capacidad de actuar en el futuro de manera independiente y soberana\u201d, explic\u00f3.<\/p>\n\n\n\n<p>Gago destac\u00f3 los cuatro ejes del plan espa\u00f1ol: reforzar la I+D+i, crear un mercado cu\u00e1ntico nacional, preparar a la sociedad para los desaf\u00edos \u00e9ticos (como la criptograf\u00eda post-cu\u00e1ntica) y consolidar un ecosistema de colaboraci\u00f3n entre universidades, startups y grandes empresas.<\/p>\n\n\n\n<figure class=\"wp-block-image size-large is-resized\"><img loading=\"lazy\" decoding=\"async\" width=\"1024\" height=\"548\" src=\"https:\/\/sociedadesdigitales.org\/web\/wp-content\/uploads\/2025\/11\/5.-Alberto-Gago-1024x548.jpg\" alt=\"\" class=\"wp-image-3197\" style=\"width:478px;height:auto\" srcset=\"https:\/\/sociedadesdigitales.org\/web\/wp-content\/uploads\/2025\/11\/5.-Alberto-Gago-1024x548.jpg 1024w, https:\/\/sociedadesdigitales.org\/web\/wp-content\/uploads\/2025\/11\/5.-Alberto-Gago-300x161.jpg 300w, https:\/\/sociedadesdigitales.org\/web\/wp-content\/uploads\/2025\/11\/5.-Alberto-Gago-768x411.jpg 768w, https:\/\/sociedadesdigitales.org\/web\/wp-content\/uploads\/2025\/11\/5.-Alberto-Gago-672x360.jpg 672w, https:\/\/sociedadesdigitales.org\/web\/wp-content\/uploads\/2025\/11\/5.-Alberto-Gago-1038x555.jpg 1038w, https:\/\/sociedadesdigitales.org\/web\/wp-content\/uploads\/2025\/11\/5.-Alberto-Gago-480x257.jpg 480w, https:\/\/sociedadesdigitales.org\/web\/wp-content\/uploads\/2025\/11\/5.-Alberto-Gago.jpg 1099w\" sizes=\"auto, (max-width: 1024px) 100vw, 1024px\" \/><\/figure>\n\n\n\n<p><strong>La voz de las y los expertos: aplicaciones, hardware y el futuro de la industria<\/strong><\/p>\n\n\n\n<p>El panel t\u00e9cnico cont\u00f3 con la participaci\u00f3n de Omar Osenda (Presidente de la Asociaci\u00f3n F\u00edsica Argentina), Alejandro D\u00edaz-Caro (especialista en lenguajes de programaci\u00f3n cu\u00e1ntica) y Marta Estarellas (CEO de Qilimanjaro Quantum Tech).<\/p>\n\n\n\n<ul class=\"wp-block-list\">\n<li>Osenda enfatiz\u00f3 que, si bien la computaci\u00f3n cu\u00e1ntica acapara la atenci\u00f3n, otras tecnolog\u00edas cu\u00e1nticas como la metrolog\u00eda y las comunicaciones seguras est\u00e1n m\u00e1s maduras y son cruciales para la soberan\u00eda tecnol\u00f3gica. \u201cNos han negado tecnolog\u00eda en el pasado, y eso fue una bendici\u00f3n porque nos oblig\u00f3 a desarrollarla nosotros\u201d, reflexion\u00f3.<\/li>\n\n\n\n<li>D\u00edaz-Caro ilustr\u00f3 c\u00f3mo empresas, como la de trenes en Alemania, ya se est\u00e1n preparando para la computaci\u00f3n cu\u00e1ntica, desarrollando algoritmos para resolver problemas de optimizaci\u00f3n complejos. \u201cEs el momento de invertir y prepararnos, para que cuando la tecnolog\u00eda est\u00e9, sepamos qu\u00e9 hacer con ella\u201d, se\u00f1al\u00f3.<\/li>\n\n\n\n<li>Estarellas, desde su experiencia en una <em>startup<\/em>, destac\u00f3 la importancia de la \u201cdemocratizaci\u00f3n\u201d temprana de la tecnolog\u00eda. \u201cAcelerar la adopci\u00f3n y la comprensi\u00f3n es vital. Tener nuestro equipo trabajando con el usuario final nos ayuda a dirigir el desarrollo tecnol\u00f3gico a los casos de uso reales\u201d, explic\u00f3 y concluy\u00f3 identificando la simulaci\u00f3n de materiales, la optimizaci\u00f3n y la inteligencia artificial como las tres verticales de aplicaci\u00f3n m\u00e1s prometedoras.<\/li>\n<\/ul>\n\n\n\t\t\t\t\t<div\n\t\t\t\t\t\tclass=\"wp-block-uagb-image-gallery uagb-block-1696cdab     \"\n\t\t\t\t\t\tstyle=\"\"\n\t\t\t\t\t>\n\t\t\t\t\t\t\t\t\t\t\t<div class=\"spectra-image-gallery spectra-image-gallery__layout--grid spectra-image-gallery__layout--grid-col-3 spectra-image-gallery__layout--grid-col-tab-3 spectra-image-gallery__layout--grid-col-mob-2\">\n\t\t\t\t\t\t\t\t\t\t\t<div class='spectra-image-gallery__media-wrapper' data-spectra-gallery-image-id='3198' tabindex=\"0\">\n\t\t\t\t\t\t\t<div class=\"spectra-image-gallery__media spectra-image-gallery__media--grid\">\n\t\t\t\t<picture>\n\t\t\t\t\t<source media=\"(min-width: 1024px)\" srcset=\"https:\/\/sociedadesdigitales.org\/web\/wp-content\/uploads\/2025\/11\/6.-Omar-Osenda-1024x548.jpg\">\n\t\t\t\t\t<source media=\"(min-width: 768px)\" srcset=\"https:\/\/sociedadesdigitales.org\/web\/wp-content\/uploads\/2025\/11\/6.-Omar-Osenda-1024x548.jpg\">\n\t\t\t\t\t<img decoding=\"async\" class=\"spectra-image-gallery__media-thumbnail spectra-image-gallery__media-thumbnail--grid\" src=\"https:\/\/sociedadesdigitales.org\/web\/wp-content\/uploads\/2025\/11\/6.-Omar-Osenda-300x161.jpg\" alt=\"\" loading=\"lazy\" \/>\n\t\t\t\t<\/picture>\n\t\t\t\t<div class=\"spectra-image-gallery__media-thumbnail-blurrer\"><\/div>\n\t\t\t\t\t\t\t\t\t\t\t<div class=\"spectra-image-gallery__media-thumbnail-caption-wrapper spectra-image-gallery__media-thumbnail-caption-wrapper--overlay\"><\/div>\n\t\t\t\t\t\t\t\t<\/div>\n\t\t\t\t\t\t<\/div>\n\t\t\t\t\t\t<div class='spectra-image-gallery__media-wrapper' data-spectra-gallery-image-id='3199' tabindex=\"0\">\n\t\t\t\t\t\t\t<div class=\"spectra-image-gallery__media spectra-image-gallery__media--grid\">\n\t\t\t\t<picture>\n\t\t\t\t\t<source media=\"(min-width: 1024px)\" srcset=\"https:\/\/sociedadesdigitales.org\/web\/wp-content\/uploads\/2025\/11\/7.-Marta-Pascual-Estarellas-1024x550.jpg\">\n\t\t\t\t\t<source media=\"(min-width: 768px)\" srcset=\"https:\/\/sociedadesdigitales.org\/web\/wp-content\/uploads\/2025\/11\/7.-Marta-Pascual-Estarellas-1024x550.jpg\">\n\t\t\t\t\t<img decoding=\"async\" class=\"spectra-image-gallery__media-thumbnail spectra-image-gallery__media-thumbnail--grid\" src=\"https:\/\/sociedadesdigitales.org\/web\/wp-content\/uploads\/2025\/11\/7.-Marta-Pascual-Estarellas-300x161.jpg\" alt=\"\" loading=\"lazy\" \/>\n\t\t\t\t<\/picture>\n\t\t\t\t<div class=\"spectra-image-gallery__media-thumbnail-blurrer\"><\/div>\n\t\t\t\t\t\t\t\t\t\t\t<div class=\"spectra-image-gallery__media-thumbnail-caption-wrapper spectra-image-gallery__media-thumbnail-caption-wrapper--overlay\"><\/div>\n\t\t\t\t\t\t\t\t<\/div>\n\t\t\t\t\t\t<\/div>\n\t\t\t\t\t\t<div class='spectra-image-gallery__media-wrapper' data-spectra-gallery-image-id='3200' tabindex=\"0\">\n\t\t\t\t\t\t\t<div class=\"spectra-image-gallery__media spectra-image-gallery__media--grid\">\n\t\t\t\t<picture>\n\t\t\t\t\t<source media=\"(min-width: 1024px)\" srcset=\"https:\/\/sociedadesdigitales.org\/web\/wp-content\/uploads\/2025\/11\/8.-Alejandro-Diaz-Caro-1024x552.jpg\">\n\t\t\t\t\t<source media=\"(min-width: 768px)\" srcset=\"https:\/\/sociedadesdigitales.org\/web\/wp-content\/uploads\/2025\/11\/8.-Alejandro-Diaz-Caro-1024x552.jpg\">\n\t\t\t\t\t<img decoding=\"async\" class=\"spectra-image-gallery__media-thumbnail spectra-image-gallery__media-thumbnail--grid\" src=\"https:\/\/sociedadesdigitales.org\/web\/wp-content\/uploads\/2025\/11\/8.-Alejandro-Diaz-Caro-300x162.jpg\" alt=\"\" loading=\"lazy\" \/>\n\t\t\t\t<\/picture>\n\t\t\t\t<div class=\"spectra-image-gallery__media-thumbnail-blurrer\"><\/div>\n\t\t\t\t\t\t\t\t\t\t\t<div class=\"spectra-image-gallery__media-thumbnail-caption-wrapper spectra-image-gallery__media-thumbnail-caption-wrapper--overlay\"><\/div>\n\t\t\t\t\t\t\t\t<\/div>\n\t\t\t\t\t\t<\/div>\n\t\t\t\t\t\t\t\t\t\t<\/div>\n\t\t\t\t\t\t\t\t\t\t\t\t\t\t\t\t\t\t<\/div>\n\t\t\t\t\t\t\t\t\t\n\n\n<p><strong>Un mensaje final: cooperaci\u00f3n y acci\u00f3n urgente<\/strong><\/p>\n\n\n\n<p>Como cierre, Jes\u00fas Herrero Poza, Director General de Red.es, subray\u00f3 la importancia estrat\u00e9gica de estas conversaciones: \u201cEsto toca muy de cerca nuestra soberan\u00eda digital, nuestra seguridad econ\u00f3mica y la protecci\u00f3n de datos. Los pa\u00edses nos tenemos que poner las pilas\u201d.<\/p>\n\n\n\n<p>El evento concluy\u00f3 con un llamado a la acci\u00f3n colectiva, resaltando la necesidad de que Iberoam\u00e9rica fortalezca su colaboraci\u00f3n, invierta en talento y desarrolle marcos regulatorios s\u00f3lidos para asegurar que la revoluci\u00f3n cu\u00e1ntica redunde en un mayor bienestar y justicia social para todos sus ciudadanos.<\/p>\n\n\n\n<figure class=\"wp-block-image size-large is-resized\"><img loading=\"lazy\" decoding=\"async\" width=\"1024\" height=\"547\" src=\"https:\/\/sociedadesdigitales.org\/web\/wp-content\/uploads\/2025\/11\/3.-Jesus-Herrero-Poza-1024x547.jpg\" alt=\"\" class=\"wp-image-3201\" style=\"width:478px;height:auto\" srcset=\"https:\/\/sociedadesdigitales.org\/web\/wp-content\/uploads\/2025\/11\/3.-Jesus-Herrero-Poza-1024x547.jpg 1024w, https:\/\/sociedadesdigitales.org\/web\/wp-content\/uploads\/2025\/11\/3.-Jesus-Herrero-Poza-300x160.jpg 300w, https:\/\/sociedadesdigitales.org\/web\/wp-content\/uploads\/2025\/11\/3.-Jesus-Herrero-Poza-768x410.jpg 768w, https:\/\/sociedadesdigitales.org\/web\/wp-content\/uploads\/2025\/11\/3.-Jesus-Herrero-Poza-672x359.jpg 672w, https:\/\/sociedadesdigitales.org\/web\/wp-content\/uploads\/2025\/11\/3.-Jesus-Herrero-Poza-1038x554.jpg 1038w, https:\/\/sociedadesdigitales.org\/web\/wp-content\/uploads\/2025\/11\/3.-Jesus-Herrero-Poza-480x256.jpg 480w, https:\/\/sociedadesdigitales.org\/web\/wp-content\/uploads\/2025\/11\/3.-Jesus-Herrero-Poza.jpg 1099w\" sizes=\"auto, (max-width: 1024px) 100vw, 1024px\" \/><\/figure>\n\n\n\n<p><\/p>\n","protected":false},"excerpt":{"rendered":"<p>Realizamos un encuentro virtual sobre Computaci\u00f3n Cu\u00e1ntica y Pol\u00edtica. junto a funcionarios, representantes de la industria y l\u00edderes de opini\u00f3n.  <\/p>\n","protected":false},"author":2,"featured_media":3191,"comment_status":"closed","ping_status":"closed","sticky":false,"template":"","format":"standard","meta":{"_uag_custom_page_level_css":"","_monsterinsights_skip_tracking":false,"_monsterinsights_sitenote_active":false,"_monsterinsights_sitenote_note":"","_monsterinsights_sitenote_category":0,"footnotes":""},"categories":[1,15],"tags":[],"class_list":["post-3190","post","type-post","status-publish","format-standard","has-post-thumbnail","hentry","category-blog","category-inteligencia-artificial"],"aioseo_notices":[],"uagb_featured_image_src":{"full":["https:\/\/sociedadesdigitales.org\/web\/wp-content\/uploads\/2025\/11\/Computacion-Cuantica-y-Politica.jpg",1920,1080,false],"thumbnail":["https:\/\/sociedadesdigitales.org\/web\/wp-content\/uploads\/2025\/11\/Computacion-Cuantica-y-Politica-150x150.jpg",150,150,true],"medium":["https:\/\/sociedadesdigitales.org\/web\/wp-content\/uploads\/2025\/11\/Computacion-Cuantica-y-Politica-300x169.jpg",300,169,true],"medium_large":["https:\/\/sociedadesdigitales.org\/web\/wp-content\/uploads\/2025\/11\/Computacion-Cuantica-y-Politica-768x432.jpg",768,432,true],"large":["https:\/\/sociedadesdigitales.org\/web\/wp-content\/uploads\/2025\/11\/Computacion-Cuantica-y-Politica-1024x576.jpg",1024,576,true],"1536x1536":["https:\/\/sociedadesdigitales.org\/web\/wp-content\/uploads\/2025\/11\/Computacion-Cuantica-y-Politica-1536x864.jpg",1536,864,true],"2048x2048":["https:\/\/sociedadesdigitales.org\/web\/wp-content\/uploads\/2025\/11\/Computacion-Cuantica-y-Politica.jpg",1920,1080,false],"post-thumbnail":["https:\/\/sociedadesdigitales.org\/web\/wp-content\/uploads\/2025\/11\/Computacion-Cuantica-y-Politica-672x378.jpg",672,378,true],"kleo-full-width":["https:\/\/sociedadesdigitales.org\/web\/wp-content\/uploads\/2025\/11\/Computacion-Cuantica-y-Politica-1038x584.jpg",1038,584,true],"kleo-post-gallery":["https:\/\/sociedadesdigitales.org\/web\/wp-content\/uploads\/2025\/11\/Computacion-Cuantica-y-Politica-480x270.jpg",480,270,true],"kleo-post-grid":["https:\/\/sociedadesdigitales.org\/web\/wp-content\/uploads\/2025\/11\/Computacion-Cuantica-y-Politica-480x270.jpg",480,270,true],"kleo-post-small-thumb":["https:\/\/sociedadesdigitales.org\/web\/wp-content\/uploads\/2025\/11\/Computacion-Cuantica-y-Politica-480x270.jpg",480,270,true]},"uagb_author_info":{"display_name":"Fundaci\u00f3n Sociedades Digitales","author_link":"https:\/\/sociedadesdigitales.org\/web\/author\/admin\/"},"uagb_comment_info":0,"uagb_excerpt":"Realizamos un encuentro virtual sobre Computaci\u00f3n Cu\u00e1ntica y Pol\u00edtica. junto a funcionarios, representantes de la industria y l\u00edderes de opini\u00f3n.","_links":{"self":[{"href":"https:\/\/sociedadesdigitales.org\/web\/wp-json\/wp\/v2\/posts\/3190","targetHints":{"allow":["GET"]}}],"collection":[{"href":"https:\/\/sociedadesdigitales.org\/web\/wp-json\/wp\/v2\/posts"}],"about":[{"href":"https:\/\/sociedadesdigitales.org\/web\/wp-json\/wp\/v2\/types\/post"}],"author":[{"embeddable":true,"href":"https:\/\/sociedadesdigitales.org\/web\/wp-json\/wp\/v2\/users\/2"}],"replies":[{"embeddable":true,"href":"https:\/\/sociedadesdigitales.org\/web\/wp-json\/wp\/v2\/comments?post=3190"}],"version-history":[{"count":3,"href":"https:\/\/sociedadesdigitales.org\/web\/wp-json\/wp\/v2\/posts\/3190\/revisions"}],"predecessor-version":[{"id":3206,"href":"https:\/\/sociedadesdigitales.org\/web\/wp-json\/wp\/v2\/posts\/3190\/revisions\/3206"}],"wp:featuredmedia":[{"embeddable":true,"href":"https:\/\/sociedadesdigitales.org\/web\/wp-json\/wp\/v2\/media\/3191"}],"wp:attachment":[{"href":"https:\/\/sociedadesdigitales.org\/web\/wp-json\/wp\/v2\/media?parent=3190"}],"wp:term":[{"taxonomy":"category","embeddable":true,"href":"https:\/\/sociedadesdigitales.org\/web\/wp-json\/wp\/v2\/categories?post=3190"},{"taxonomy":"post_tag","embeddable":true,"href":"https:\/\/sociedadesdigitales.org\/web\/wp-json\/wp\/v2\/tags?post=3190"}],"curies":[{"name":"wp","href":"https:\/\/api.w.org\/{rel}","templated":true}]}}