{"id":3187,"date":"2025-11-08T18:26:25","date_gmt":"2025-11-08T21:26:25","guid":{"rendered":"https:\/\/sociedadesdigitales.org\/web\/?p=3187"},"modified":"2025-11-08T18:26:28","modified_gmt":"2025-11-08T21:26:28","slug":"ultimos-dias-para-participar-del-curso-gratuito-sobre-computacion-cuantica-y-politica","status":"publish","type":"post","link":"https:\/\/sociedadesdigitales.org\/web\/2025\/11\/08\/ultimos-dias-para-participar-del-curso-gratuito-sobre-computacion-cuantica-y-politica\/","title":{"rendered":"\u00daltimos d\u00edas para participar del curso gratuito sobre computaci\u00f3n cu\u00e1ntica y pol\u00edtica"},"content":{"rendered":"\n<p>Si la IA cambi\u00f3 el presente, la cu\u00e1ntica define el futuro. Por eso, la Fundaci\u00f3n Sociedades Digitales lanz\u00f3 un programa de formaci\u00f3n innovador, tanto por la tem\u00e1tica como por la metodolog\u00eda.&nbsp;&nbsp;<\/p>\n\n\n\n<p>El curso consta de 5 c\u00e1psulas tem\u00e1ticas elaboradas por expertos y expertas de Iberoam\u00e9rica, y un encuentro virtual en vivo donde se debatir\u00e1n los desaf\u00edos pol\u00edticos, econ\u00f3micos y sociales que plantean las tecnolog\u00edas cu\u00e1nticas. Porque el objetivo principal es poder brindar herramientas para que tomadores de decisiones tengan una comprensi\u00f3n r\u00e1pida y estrat\u00e9gica de la tecnolog\u00eda que ya est\u00e1 transformando la econom\u00eda, la seguridad y los desarrollos tecnol\u00f3gicos.&nbsp;<\/p>\n\n\n\n<p>Los contenidos pueden verse en el perfil de <a href=\"https:\/\/www.instagram.com\/sociedadesdigitales\/\">Instagram de la Fundaci\u00f3n Sociedades Digitales<\/a>. Los comentarios en las publicaciones se recolectar\u00e1n para trabajarlos en vivo, a trav\u00e9s del encuentro por <strong>Zoom el martes 11 de noviembre de 11 a 13 horas (Argentina)<\/strong> que servir\u00e1 como coloquio del curso pero tambi\u00e9n ser\u00e1 abierto a toda la comunidad. En ese encuentro participar\u00e1n: Pablo \u00c1lvarez (Vicepresidente de ANTEL, Uruguay), Jes\u00fas Herrero Poza (Director General de Red.es, Espa\u00f1a), Sebasti\u00e1n Lorenzo (Presidente de la Fundaci\u00f3n Sociedades Digitales) y Alberto Gago (gabinete de la Secretar\u00eda de Estado de Digitalizaci\u00f3n e IA de Espa\u00f1a), bajo la moderaci\u00f3n de Agostina Hern\u00e1ndez Bologna, donde se debatir\u00e1n regulaci\u00f3n, soberan\u00eda tecnol\u00f3gica y oportunidades para Am\u00e9rica Latina.<\/p>\n\n\n\n<p>Tambi\u00e9n participar\u00e1n los especialistas que elaboraron las cinco c\u00e1psulas tem\u00e1ticas disponibles en Instagram:<\/p>\n\n\n\n<div class=\"wp-block-group\"><div class=\"wp-block-group__inner-container is-layout-constrained wp-block-group-is-layout-constrained\">\n<p><strong>1) \u00bfQu\u00e9 es la computaci\u00f3n cu\u00e1ntica y en qu\u00e9 se diferencia de la tradicional?<\/strong><\/p>\n\n\n\n<p>Docente: Sebasti\u00e1n Lorenzo &#8211; Presidente de la Fundaci\u00f3n Sociedades Digitales<\/p>\n\n\n\n<p><a href=\"https:\/\/www.instagram.com\/p\/DQmzkIVCQDI\">https:\/\/www.instagram.com\/p\/DQmzkIVCQDI<\/a><\/p>\n\n\n\n<p><strong>2) C\u00f3mo es y c\u00f3mo funcionan las computadoras cu\u00e1nticas: el hardware<\/strong><\/p>\n\n\n\n<p>Docente: Dr. Omar Osenda &#8211; Presidente de la Asociaci\u00f3n F\u00edsica Argentina<\/p>\n\n\n\n<p><a href=\"https:\/\/www.instagram.com\/p\/DQo1n4qkdU2\">https:\/\/www.instagram.com\/p\/DQo1n4qkdU2<\/a><\/p>\n\n\n\n<p><strong>3) Los algoritmos cu\u00e1nticos, las instrucciones que las hacen funcionar<\/strong><\/p>\n\n\n\n<p>Docente: Dr. Alejandro D\u00edaz-Caro &#8211; Especialista en lenguajes de programaci\u00f3n cu\u00e1ntico<\/p>\n\n\n\n<p><a href=\"https:\/\/www.instagram.com\/p\/DQrXoA8EW0d\">https:\/\/www.instagram.com\/p\/DQrXoA8EW0d<\/a><\/p>\n\n\n\n<p><strong>4) Aplicaciones pr\u00e1cticas: \u00bfpara qu\u00e9 sirve realmente esta tecnolog\u00eda?<\/strong><\/p>\n\n\n\n<p>Docente: Dra. Marta Pascual Estarellas &#8211; CEO de Qilimanjaro Quantum Tech<\/p>\n\n\n\n<p><a href=\"https:\/\/www.instagram.com\/p\/DQuMKDpidsl\">https:\/\/www.instagram.com\/p\/DQuMKDpidsl<\/a><\/p>\n\n\n\n<p><strong>5) Geopol\u00edtica de la computaci\u00f3n cu\u00e1ntica<\/strong><\/p>\n\n\n\n<p>Docente: Dra. Camila Chirino &#8211;&nbsp; Directora de Capacitaci\u00f3n, Fundaci\u00f3n Sociedades Digitales.<\/p>\n\n\n\n<p><a href=\"https:\/\/www.instagram.com\/p\/DQwrGPCAKpg\">https:\/\/www.instagram.com\/p\/DQwrGPCAKpg<\/a><\/p>\n<\/div><\/div>\n\n\n\n<div class=\"wp-block-uagb-info-box uagb-block-07711642 uagb-infobox__content-wrap  uagb-infobox-icon-above-title uagb-infobox-image-valign-top\"><div class=\"uagb-ifb-content\"><div class=\"uagb-ifb-icon-wrap\"><svg xmlns=\"https:\/\/www.w3.org\/2000\/svg\" viewBox=\"0 0 512 512\"><path d=\"M0 256C0 114.6 114.6 0 256 0C397.4 0 512 114.6 512 256C512 397.4 397.4 512 256 512C114.6 512 0 397.4 0 256zM371.8 211.8C382.7 200.9 382.7 183.1 371.8 172.2C360.9 161.3 343.1 161.3 332.2 172.2L224 280.4L179.8 236.2C168.9 225.3 151.1 225.3 140.2 236.2C129.3 247.1 129.3 264.9 140.2 275.8L204.2 339.8C215.1 350.7 232.9 350.7 243.8 339.8L371.8 211.8z\"><\/path><\/svg><\/div><div class=\"uagb-ifb-title-wrap\"><h3 class=\"uagb-ifb-title\">\u00bfC\u00f3mo participar?<\/h3><\/div><p class=\"uagb-ifb-desc\">Para m\u00e1s informaci\u00f3n sobre c\u00f3mo participar del encuentro en vivo, comunicarse a: <a href=\"mailto:info@sociedadesdigitales.org\">info@sociedadesdigitales.org<\/a><\/p><\/div><\/div>\n\n\n\n<p><\/p>\n","protected":false},"excerpt":{"rendered":"<p>El curso consta de 5 c\u00e1psulas tem\u00e1ticas elaboradas por expertos y expertas de Iberoam\u00e9rica, y un encuentro virtual en vivo<\/p>\n","protected":false},"author":2,"featured_media":2947,"comment_status":"closed","ping_status":"closed","sticky":false,"template":"","format":"standard","meta":{"_uag_custom_page_level_css":"","_monsterinsights_skip_tracking":false,"_monsterinsights_sitenote_active":false,"_monsterinsights_sitenote_note":"","_monsterinsights_sitenote_category":0,"footnotes":""},"categories":[15],"tags":[],"class_list":["post-3187","post","type-post","status-publish","format-standard","has-post-thumbnail","hentry","category-inteligencia-artificial"],"aioseo_notices":[],"uagb_featured_image_src":{"full":["https:\/\/sociedadesdigitales.org\/web\/wp-content\/uploads\/2025\/06\/pexels-pachon-in-motion-426015731-30547566.jpg",1280,675,false],"thumbnail":["https:\/\/sociedadesdigitales.org\/web\/wp-content\/uploads\/2025\/06\/pexels-pachon-in-motion-426015731-30547566-150x150.jpg",150,150,true],"medium":["https:\/\/sociedadesdigitales.org\/web\/wp-content\/uploads\/2025\/06\/pexels-pachon-in-motion-426015731-30547566-300x158.jpg",300,158,true],"medium_large":["https:\/\/sociedadesdigitales.org\/web\/wp-content\/uploads\/2025\/06\/pexels-pachon-in-motion-426015731-30547566-768x405.jpg",768,405,true],"large":["https:\/\/sociedadesdigitales.org\/web\/wp-content\/uploads\/2025\/06\/pexels-pachon-in-motion-426015731-30547566-1024x540.jpg",1024,540,true],"1536x1536":["https:\/\/sociedadesdigitales.org\/web\/wp-content\/uploads\/2025\/06\/pexels-pachon-in-motion-426015731-30547566.jpg",1280,675,false],"2048x2048":["https:\/\/sociedadesdigitales.org\/web\/wp-content\/uploads\/2025\/06\/pexels-pachon-in-motion-426015731-30547566.jpg",1280,675,false],"post-thumbnail":["https:\/\/sociedadesdigitales.org\/web\/wp-content\/uploads\/2025\/06\/pexels-pachon-in-motion-426015731-30547566-672x354.jpg",672,354,true],"kleo-full-width":["https:\/\/sociedadesdigitales.org\/web\/wp-content\/uploads\/2025\/06\/pexels-pachon-in-motion-426015731-30547566-1038x547.jpg",1038,547,true],"kleo-post-gallery":["https:\/\/sociedadesdigitales.org\/web\/wp-content\/uploads\/2025\/06\/pexels-pachon-in-motion-426015731-30547566-480x270.jpg",480,270,true],"kleo-post-grid":["https:\/\/sociedadesdigitales.org\/web\/wp-content\/uploads\/2025\/06\/pexels-pachon-in-motion-426015731-30547566-480x253.jpg",480,253,true],"kleo-post-small-thumb":["https:\/\/sociedadesdigitales.org\/web\/wp-content\/uploads\/2025\/06\/pexels-pachon-in-motion-426015731-30547566-480x270.jpg",480,270,true]},"uagb_author_info":{"display_name":"Fundaci\u00f3n Sociedades Digitales","author_link":"https:\/\/sociedadesdigitales.org\/web\/author\/admin\/"},"uagb_comment_info":0,"uagb_excerpt":"El curso consta de 5 c\u00e1psulas tem\u00e1ticas elaboradas por expertos y expertas de Iberoam\u00e9rica, y un encuentro virtual en vivo","_links":{"self":[{"href":"https:\/\/sociedadesdigitales.org\/web\/wp-json\/wp\/v2\/posts\/3187","targetHints":{"allow":["GET"]}}],"collection":[{"href":"https:\/\/sociedadesdigitales.org\/web\/wp-json\/wp\/v2\/posts"}],"about":[{"href":"https:\/\/sociedadesdigitales.org\/web\/wp-json\/wp\/v2\/types\/post"}],"author":[{"embeddable":true,"href":"https:\/\/sociedadesdigitales.org\/web\/wp-json\/wp\/v2\/users\/2"}],"replies":[{"embeddable":true,"href":"https:\/\/sociedadesdigitales.org\/web\/wp-json\/wp\/v2\/comments?post=3187"}],"version-history":[{"count":1,"href":"https:\/\/sociedadesdigitales.org\/web\/wp-json\/wp\/v2\/posts\/3187\/revisions"}],"predecessor-version":[{"id":3188,"href":"https:\/\/sociedadesdigitales.org\/web\/wp-json\/wp\/v2\/posts\/3187\/revisions\/3188"}],"wp:featuredmedia":[{"embeddable":true,"href":"https:\/\/sociedadesdigitales.org\/web\/wp-json\/wp\/v2\/media\/2947"}],"wp:attachment":[{"href":"https:\/\/sociedadesdigitales.org\/web\/wp-json\/wp\/v2\/media?parent=3187"}],"wp:term":[{"taxonomy":"category","embeddable":true,"href":"https:\/\/sociedadesdigitales.org\/web\/wp-json\/wp\/v2\/categories?post=3187"},{"taxonomy":"post_tag","embeddable":true,"href":"https:\/\/sociedadesdigitales.org\/web\/wp-json\/wp\/v2\/tags?post=3187"}],"curies":[{"name":"wp","href":"https:\/\/api.w.org\/{rel}","templated":true}]}}