{"id":3152,"date":"2025-11-08T11:44:42","date_gmt":"2025-11-08T14:44:42","guid":{"rendered":"https:\/\/sociedadesdigitales.org\/web\/?p=3152"},"modified":"2025-11-08T13:43:07","modified_gmt":"2025-11-08T16:43:07","slug":"fundacion-sociedades-digitales-en-el-congreso-de-fepalc-en-montevideo","status":"publish","type":"post","link":"https:\/\/sociedadesdigitales.org\/web\/2025\/11\/08\/fundacion-sociedades-digitales-en-el-congreso-de-fepalc-en-montevideo\/","title":{"rendered":"Fundaci\u00f3n Sociedades Digitales en el Congreso de FePALC en Montevideo"},"content":{"rendered":"\n<p>La Fundaci\u00f3n Sociedades Digitales particip\u00f3 del <strong>Congreso de la Federaci\u00f3n de Periodistas de Am\u00e9rica Latina y el Caribe (FePALC)<\/strong>, realizado en Montevideo junto a la Asociaci\u00f3n de la Prensa Uruguaya (APU). En representaci\u00f3n de la Fundaci\u00f3n viajaron <strong>Sebasti\u00e1n Lorenzo y Agostina Hern\u00e1ndez Bologna<\/strong>, con el objetivo de fortalecer el di\u00e1logo entre tecnolog\u00eda, derechos humanos, comunicaci\u00f3n y democracia en Am\u00e9rica Latina.<\/p>\n\n\n\n<p>El jueves 23 de octubre se llev\u00f3 a cabo, en la Antesala de la C\u00e1mara de Senadores del Palacio Legislativo, la apertura oficial bajo el t\u00edtulo: \u201cLibertad de expresi\u00f3n, derecho a la informaci\u00f3n y al ejercicio de la profesi\u00f3n period\u00edstica en la actualidad\u201d.<\/p>\n\n\n\n<figure class=\"wp-block-image size-large\"><img loading=\"lazy\" decoding=\"async\" width=\"1024\" height=\"682\" src=\"https:\/\/sociedadesdigitales.org\/web\/wp-content\/uploads\/2025\/11\/Congreso-de-FePALC-3-1024x682.jpeg\" alt=\"\" class=\"wp-image-3155\" srcset=\"https:\/\/sociedadesdigitales.org\/web\/wp-content\/uploads\/2025\/11\/Congreso-de-FePALC-3-1024x682.jpeg 1024w, https:\/\/sociedadesdigitales.org\/web\/wp-content\/uploads\/2025\/11\/Congreso-de-FePALC-3-300x200.jpeg 300w, https:\/\/sociedadesdigitales.org\/web\/wp-content\/uploads\/2025\/11\/Congreso-de-FePALC-3-768x512.jpeg 768w, https:\/\/sociedadesdigitales.org\/web\/wp-content\/uploads\/2025\/11\/Congreso-de-FePALC-3-1536x1023.jpeg 1536w, https:\/\/sociedadesdigitales.org\/web\/wp-content\/uploads\/2025\/11\/Congreso-de-FePALC-3-672x448.jpeg 672w, https:\/\/sociedadesdigitales.org\/web\/wp-content\/uploads\/2025\/11\/Congreso-de-FePALC-3-1038x692.jpeg 1038w, https:\/\/sociedadesdigitales.org\/web\/wp-content\/uploads\/2025\/11\/Congreso-de-FePALC-3-480x320.jpeg 480w, https:\/\/sociedadesdigitales.org\/web\/wp-content\/uploads\/2025\/11\/Congreso-de-FePALC-3.jpeg 1600w\" sizes=\"auto, (max-width: 1024px) 100vw, 1024px\" \/><\/figure>\n\n\n\n<p>El acto cont\u00f3 con la participaci\u00f3n de autoridades y referentes internacionales, entre ellos la Vicepresidenta de la Rep\u00fablica Oriental del Uruguay, Ing. <strong>Carolina Cosse<\/strong>; la Presidenta de la Federaci\u00f3n Internacional de Periodistas, <strong>Dominique Pradali\u00e9<\/strong>; el Presidente de FePALC, <strong>\u00c1lvaro Pan Cruz<\/strong>; el Director Regional de UNESCO, <strong>Ernesto Fern\u00e1ndez Polcuch<\/strong>; y la Embajadora ante la Uni\u00f3n Europea de la Fundaci\u00f3n Sociedades Digitales, <strong>Agostina Hern\u00e1ndez Bologna<\/strong>.<\/p>\n\n\n\n<p>Durante la jornada se resaltaron la libertad de expresi\u00f3n, el derecho a la informaci\u00f3n y las condiciones laborales del periodismo como ejes fundamentales para las democracias. Frente al avance de nuevas tecnolog\u00edas y formatos digitales, se resalt\u00f3 la oportunidad de fortalecer un sistema de medios plural y profesional, promoviendo la actualizaci\u00f3n de capacidades, la protecci\u00f3n laboral y la incorporaci\u00f3n de herramientas tecnol\u00f3gicas que potencien el ejercicio period\u00edstico y la calidad democr\u00e1tica.<\/p>\n\n\n\n<figure class=\"wp-block-image size-large\"><img loading=\"lazy\" decoding=\"async\" width=\"1024\" height=\"682\" src=\"https:\/\/sociedadesdigitales.org\/web\/wp-content\/uploads\/2025\/11\/Congreso-de-FePALC-4-1024x682.jpeg\" alt=\"\" class=\"wp-image-3159\" srcset=\"https:\/\/sociedadesdigitales.org\/web\/wp-content\/uploads\/2025\/11\/Congreso-de-FePALC-4-1024x682.jpeg 1024w, https:\/\/sociedadesdigitales.org\/web\/wp-content\/uploads\/2025\/11\/Congreso-de-FePALC-4-300x200.jpeg 300w, https:\/\/sociedadesdigitales.org\/web\/wp-content\/uploads\/2025\/11\/Congreso-de-FePALC-4-768x512.jpeg 768w, https:\/\/sociedadesdigitales.org\/web\/wp-content\/uploads\/2025\/11\/Congreso-de-FePALC-4-1536x1023.jpeg 1536w, https:\/\/sociedadesdigitales.org\/web\/wp-content\/uploads\/2025\/11\/Congreso-de-FePALC-4-672x448.jpeg 672w, https:\/\/sociedadesdigitales.org\/web\/wp-content\/uploads\/2025\/11\/Congreso-de-FePALC-4-1038x692.jpeg 1038w, https:\/\/sociedadesdigitales.org\/web\/wp-content\/uploads\/2025\/11\/Congreso-de-FePALC-4-480x320.jpeg 480w, https:\/\/sociedadesdigitales.org\/web\/wp-content\/uploads\/2025\/11\/Congreso-de-FePALC-4.jpeg 1600w\" sizes=\"auto, (max-width: 1024px) 100vw, 1024px\" \/><\/figure>\n\n\n\n<p>El viernes 24 de octubre, Sebasti\u00e1n y Agostina dictaron el taller: <em>M\u00f3dulo 2: Intersecci\u00f3n de la IA entre derechos humanos y mundo del trabajo; comunicaci\u00f3n digital para gobiernos y espacios pol\u00edticos<\/em>.<\/p>\n\n\n\n<p>El encuentro reuni\u00f3 a representantes sindicales de periodistas de toda Am\u00e9rica Latina y el Caribe, en un espacio de an\u00e1lisis y trabajo colectivo sobre las implicancias pol\u00edticas, laborales y \u00e9ticas de la inteligencia artificial. Se realiz\u00f3 un recorrido conceptual e hist\u00f3rico para comprender el estado actual de las tecnolog\u00edas emergentes, sin perder de vista su impacto en el trabajo, las democracias y la esfera p\u00fablica.<\/p>\n\n\n\n<p>Se enfatiz\u00f3 que el desaf\u00edo no es resistir la tecnolog\u00eda, sino reconvertir el trabajo con derechos, asegurando formaci\u00f3n, inclusi\u00f3n, protecci\u00f3n social y condiciones laborales dignas. Los sindicatos fueron destacados como actores centrales para evitar que la automatizaci\u00f3n derive en precarizaci\u00f3n o concentraci\u00f3n de poder informativo.<\/p>\n\n\n\n<figure class=\"wp-block-image size-large\"><img loading=\"lazy\" decoding=\"async\" width=\"1024\" height=\"682\" src=\"https:\/\/sociedadesdigitales.org\/web\/wp-content\/uploads\/2025\/11\/Congreso-de-FePALC-8-1024x682.jpeg\" alt=\"\" class=\"wp-image-3157\" srcset=\"https:\/\/sociedadesdigitales.org\/web\/wp-content\/uploads\/2025\/11\/Congreso-de-FePALC-8-1024x682.jpeg 1024w, https:\/\/sociedadesdigitales.org\/web\/wp-content\/uploads\/2025\/11\/Congreso-de-FePALC-8-300x200.jpeg 300w, https:\/\/sociedadesdigitales.org\/web\/wp-content\/uploads\/2025\/11\/Congreso-de-FePALC-8-768x512.jpeg 768w, https:\/\/sociedadesdigitales.org\/web\/wp-content\/uploads\/2025\/11\/Congreso-de-FePALC-8-1536x1023.jpeg 1536w, https:\/\/sociedadesdigitales.org\/web\/wp-content\/uploads\/2025\/11\/Congreso-de-FePALC-8-672x448.jpeg 672w, https:\/\/sociedadesdigitales.org\/web\/wp-content\/uploads\/2025\/11\/Congreso-de-FePALC-8-1038x692.jpeg 1038w, https:\/\/sociedadesdigitales.org\/web\/wp-content\/uploads\/2025\/11\/Congreso-de-FePALC-8-480x320.jpeg 480w, https:\/\/sociedadesdigitales.org\/web\/wp-content\/uploads\/2025\/11\/Congreso-de-FePALC-8.jpeg 1600w\" sizes=\"auto, (max-width: 1024px) 100vw, 1024px\" \/><\/figure>\n\n\n\n<p>La participaci\u00f3n de la Fundaci\u00f3n Sociedades Digitales reafirma un compromiso firme con la gobernanza y la soberan\u00eda tecnol\u00f3gica, as\u00ed como con la promoci\u00f3n de una transformaci\u00f3n digital que coloque en el centro a las personas, los derechos humanos y el fortalecimiento institucional. Am\u00e9rica Latina enfrenta un momento clave para construir marcos \u00e9ticos y pol\u00edticas p\u00fablicas que garanticen que la inteligencia artificial y la innovaci\u00f3n tecnol\u00f3gica trabajen al servicio del bien com\u00fan.<\/p>\n\n\n\n<p><strong>Galer\u00eda de fotos<\/strong><\/p>\n\n\n\t\t\t\t\t<div\n\t\t\t\t\t\tclass=\"wp-block-uagb-image-gallery uagb-block-750b147f     \"\n\t\t\t\t\t\tstyle=\"\"\n\t\t\t\t\t>\n\t\t\t\t\t\t\t\t\t\t\t<div class=\"spectra-image-gallery spectra-image-gallery__layout--isogrid spectra-image-gallery__layout--isogrid-col-3 spectra-image-gallery__layout--isogrid-col-tab-3 spectra-image-gallery__layout--isogrid-col-mob-2\">\n\t\t\t\t\t\t\t\t\t\t\t<div class='spectra-image-gallery__media-wrapper--isotope'>\n\t\t\t\t\t\t\t<div class='spectra-image-gallery__media-wrapper' data-spectra-gallery-image-id='3155' tabindex=\"0\">\n\t\t\t\t\t\t\t<div class=\"spectra-image-gallery__media spectra-image-gallery__media--grid\">\n\t\t\t\t<picture>\n\t\t\t\t\t<source media=\"(min-width: 1024px)\" srcset=\"https:\/\/sociedadesdigitales.org\/web\/wp-content\/uploads\/2025\/11\/Congreso-de-FePALC-3-1024x682.jpeg\">\n\t\t\t\t\t<source media=\"(min-width: 768px)\" srcset=\"https:\/\/sociedadesdigitales.org\/web\/wp-content\/uploads\/2025\/11\/Congreso-de-FePALC-3-1024x682.jpeg\">\n\t\t\t\t\t<img decoding=\"async\" class=\"spectra-image-gallery__media-thumbnail spectra-image-gallery__media-thumbnail--grid\" src=\"https:\/\/sociedadesdigitales.org\/web\/wp-content\/uploads\/2025\/11\/Congreso-de-FePALC-3-300x200.jpeg\" alt=\"\" loading=\"lazy\" \/>\n\t\t\t\t<\/picture>\n\t\t\t\t<div class=\"spectra-image-gallery__media-thumbnail-blurrer\"><\/div>\n\t\t\t\t\t\t\t\t\t\t\t<div class=\"spectra-image-gallery__media-thumbnail-caption-wrapper spectra-image-gallery__media-thumbnail-caption-wrapper--overlay\"><\/div>\n\t\t\t\t\t\t\t\t<\/div>\n\t\t\t\t\t\t<\/div>\n\t\t\t\t\t\t<\/div>\n\t\t\t\t\t\t<div class='spectra-image-gallery__media-wrapper--isotope'>\n\t\t\t\t\t\t\t<div class='spectra-image-gallery__media-wrapper' data-spectra-gallery-image-id='3159' tabindex=\"0\">\n\t\t\t\t\t\t\t<div class=\"spectra-image-gallery__media spectra-image-gallery__media--grid\">\n\t\t\t\t<picture>\n\t\t\t\t\t<source media=\"(min-width: 1024px)\" srcset=\"https:\/\/sociedadesdigitales.org\/web\/wp-content\/uploads\/2025\/11\/Congreso-de-FePALC-4-1024x682.jpeg\">\n\t\t\t\t\t<source media=\"(min-width: 768px)\" srcset=\"https:\/\/sociedadesdigitales.org\/web\/wp-content\/uploads\/2025\/11\/Congreso-de-FePALC-4-1024x682.jpeg\">\n\t\t\t\t\t<img decoding=\"async\" class=\"spectra-image-gallery__media-thumbnail spectra-image-gallery__media-thumbnail--grid\" src=\"https:\/\/sociedadesdigitales.org\/web\/wp-content\/uploads\/2025\/11\/Congreso-de-FePALC-4-300x200.jpeg\" alt=\"\" loading=\"lazy\" \/>\n\t\t\t\t<\/picture>\n\t\t\t\t<div class=\"spectra-image-gallery__media-thumbnail-blurrer\"><\/div>\n\t\t\t\t\t\t\t\t\t\t\t<div class=\"spectra-image-gallery__media-thumbnail-caption-wrapper spectra-image-gallery__media-thumbnail-caption-wrapper--overlay\"><\/div>\n\t\t\t\t\t\t\t\t<\/div>\n\t\t\t\t\t\t<\/div>\n\t\t\t\t\t\t<\/div>\n\t\t\t\t\t\t<div class='spectra-image-gallery__media-wrapper--isotope'>\n\t\t\t\t\t\t\t<div class='spectra-image-gallery__media-wrapper' data-spectra-gallery-image-id='3161' tabindex=\"0\">\n\t\t\t\t\t\t\t<div class=\"spectra-image-gallery__media spectra-image-gallery__media--grid\">\n\t\t\t\t<picture>\n\t\t\t\t\t<source media=\"(min-width: 1024px)\" srcset=\"https:\/\/sociedadesdigitales.org\/web\/wp-content\/uploads\/2025\/11\/Congreso-de-FePALC-2-1-1024x682.jpeg\">\n\t\t\t\t\t<source media=\"(min-width: 768px)\" srcset=\"https:\/\/sociedadesdigitales.org\/web\/wp-content\/uploads\/2025\/11\/Congreso-de-FePALC-2-1-1024x682.jpeg\">\n\t\t\t\t\t<img decoding=\"async\" class=\"spectra-image-gallery__media-thumbnail spectra-image-gallery__media-thumbnail--grid\" src=\"https:\/\/sociedadesdigitales.org\/web\/wp-content\/uploads\/2025\/11\/Congreso-de-FePALC-2-1-300x200.jpeg\" alt=\"\" loading=\"lazy\" \/>\n\t\t\t\t<\/picture>\n\t\t\t\t<div class=\"spectra-image-gallery__media-thumbnail-blurrer\"><\/div>\n\t\t\t\t\t\t\t\t\t\t\t<div class=\"spectra-image-gallery__media-thumbnail-caption-wrapper spectra-image-gallery__media-thumbnail-caption-wrapper--overlay\"><\/div>\n\t\t\t\t\t\t\t\t<\/div>\n\t\t\t\t\t\t<\/div>\n\t\t\t\t\t\t<\/div>\n\t\t\t\t\t\t<div class='spectra-image-gallery__media-wrapper--isotope'>\n\t\t\t\t\t\t\t<div class='spectra-image-gallery__media-wrapper' data-spectra-gallery-image-id='3163' tabindex=\"0\">\n\t\t\t\t\t\t\t<div class=\"spectra-image-gallery__media spectra-image-gallery__media--grid\">\n\t\t\t\t<picture>\n\t\t\t\t\t<source media=\"(min-width: 1024px)\" srcset=\"https:\/\/sociedadesdigitales.org\/web\/wp-content\/uploads\/2025\/11\/Congreso-de-FePALC-7-1024x682.jpeg\">\n\t\t\t\t\t<source media=\"(min-width: 768px)\" srcset=\"https:\/\/sociedadesdigitales.org\/web\/wp-content\/uploads\/2025\/11\/Congreso-de-FePALC-7-1024x682.jpeg\">\n\t\t\t\t\t<img decoding=\"async\" class=\"spectra-image-gallery__media-thumbnail spectra-image-gallery__media-thumbnail--grid\" src=\"https:\/\/sociedadesdigitales.org\/web\/wp-content\/uploads\/2025\/11\/Congreso-de-FePALC-7-300x200.jpeg\" alt=\"\" loading=\"lazy\" \/>\n\t\t\t\t<\/picture>\n\t\t\t\t<div class=\"spectra-image-gallery__media-thumbnail-blurrer\"><\/div>\n\t\t\t\t\t\t\t\t\t\t\t<div class=\"spectra-image-gallery__media-thumbnail-caption-wrapper spectra-image-gallery__media-thumbnail-caption-wrapper--overlay\"><\/div>\n\t\t\t\t\t\t\t\t<\/div>\n\t\t\t\t\t\t<\/div>\n\t\t\t\t\t\t<\/div>\n\t\t\t\t\t\t<div class='spectra-image-gallery__media-wrapper--isotope'>\n\t\t\t\t\t\t\t<div class='spectra-image-gallery__media-wrapper' data-spectra-gallery-image-id='3157' tabindex=\"0\">\n\t\t\t\t\t\t\t<div class=\"spectra-image-gallery__media spectra-image-gallery__media--grid\">\n\t\t\t\t<picture>\n\t\t\t\t\t<source media=\"(min-width: 1024px)\" srcset=\"https:\/\/sociedadesdigitales.org\/web\/wp-content\/uploads\/2025\/11\/Congreso-de-FePALC-8-1024x682.jpeg\">\n\t\t\t\t\t<source media=\"(min-width: 768px)\" srcset=\"https:\/\/sociedadesdigitales.org\/web\/wp-content\/uploads\/2025\/11\/Congreso-de-FePALC-8-1024x682.jpeg\">\n\t\t\t\t\t<img decoding=\"async\" class=\"spectra-image-gallery__media-thumbnail spectra-image-gallery__media-thumbnail--grid\" src=\"https:\/\/sociedadesdigitales.org\/web\/wp-content\/uploads\/2025\/11\/Congreso-de-FePALC-8-300x200.jpeg\" alt=\"\" loading=\"lazy\" \/>\n\t\t\t\t<\/picture>\n\t\t\t\t<div class=\"spectra-image-gallery__media-thumbnail-blurrer\"><\/div>\n\t\t\t\t\t\t\t\t\t\t\t<div class=\"spectra-image-gallery__media-thumbnail-caption-wrapper spectra-image-gallery__media-thumbnail-caption-wrapper--overlay\"><\/div>\n\t\t\t\t\t\t\t\t<\/div>\n\t\t\t\t\t\t<\/div>\n\t\t\t\t\t\t<\/div>\n\t\t\t\t\t\t<div class='spectra-image-gallery__media-wrapper--isotope'>\n\t\t\t\t\t\t\t<div class='spectra-image-gallery__media-wrapper' data-spectra-gallery-image-id='3164' tabindex=\"0\">\n\t\t\t\t\t\t\t<div class=\"spectra-image-gallery__media spectra-image-gallery__media--grid\">\n\t\t\t\t<picture>\n\t\t\t\t\t<source media=\"(min-width: 1024px)\" srcset=\"https:\/\/sociedadesdigitales.org\/web\/wp-content\/uploads\/2025\/11\/Congreso-de-FePALC-15-1024x682.jpeg\">\n\t\t\t\t\t<source media=\"(min-width: 768px)\" srcset=\"https:\/\/sociedadesdigitales.org\/web\/wp-content\/uploads\/2025\/11\/Congreso-de-FePALC-15-1024x682.jpeg\">\n\t\t\t\t\t<img decoding=\"async\" class=\"spectra-image-gallery__media-thumbnail spectra-image-gallery__media-thumbnail--grid\" src=\"https:\/\/sociedadesdigitales.org\/web\/wp-content\/uploads\/2025\/11\/Congreso-de-FePALC-15-300x200.jpeg\" alt=\"\" loading=\"lazy\" \/>\n\t\t\t\t<\/picture>\n\t\t\t\t<div class=\"spectra-image-gallery__media-thumbnail-blurrer\"><\/div>\n\t\t\t\t\t\t\t\t\t\t\t<div class=\"spectra-image-gallery__media-thumbnail-caption-wrapper spectra-image-gallery__media-thumbnail-caption-wrapper--overlay\"><\/div>\n\t\t\t\t\t\t\t\t<\/div>\n\t\t\t\t\t\t<\/div>\n\t\t\t\t\t\t<\/div>\n\t\t\t\t\t\t<div class='spectra-image-gallery__media-wrapper--isotope'>\n\t\t\t\t\t\t\t<div class='spectra-image-gallery__media-wrapper' data-spectra-gallery-image-id='3162' tabindex=\"0\">\n\t\t\t\t\t\t\t<div class=\"spectra-image-gallery__media spectra-image-gallery__media--grid\">\n\t\t\t\t<picture>\n\t\t\t\t\t<source media=\"(min-width: 1024px)\" srcset=\"https:\/\/sociedadesdigitales.org\/web\/wp-content\/uploads\/2025\/11\/Congreso-de-FePALC-12-1024x682.jpeg\">\n\t\t\t\t\t<source media=\"(min-width: 768px)\" srcset=\"https:\/\/sociedadesdigitales.org\/web\/wp-content\/uploads\/2025\/11\/Congreso-de-FePALC-12-1024x682.jpeg\">\n\t\t\t\t\t<img decoding=\"async\" class=\"spectra-image-gallery__media-thumbnail spectra-image-gallery__media-thumbnail--grid\" src=\"https:\/\/sociedadesdigitales.org\/web\/wp-content\/uploads\/2025\/11\/Congreso-de-FePALC-12-300x200.jpeg\" alt=\"\" loading=\"lazy\" \/>\n\t\t\t\t<\/picture>\n\t\t\t\t<div class=\"spectra-image-gallery__media-thumbnail-blurrer\"><\/div>\n\t\t\t\t\t\t\t\t\t\t\t<div class=\"spectra-image-gallery__media-thumbnail-caption-wrapper spectra-image-gallery__media-thumbnail-caption-wrapper--overlay\"><\/div>\n\t\t\t\t\t\t\t\t<\/div>\n\t\t\t\t\t\t<\/div>\n\t\t\t\t\t\t<\/div>\n\t\t\t\t\t\t<div class='spectra-image-gallery__media-wrapper--isotope'>\n\t\t\t\t\t\t\t<div class='spectra-image-gallery__media-wrapper' data-spectra-gallery-image-id='3167' tabindex=\"0\">\n\t\t\t\t\t\t\t<div class=\"spectra-image-gallery__media spectra-image-gallery__media--grid\">\n\t\t\t\t<picture>\n\t\t\t\t\t<source media=\"(min-width: 1024px)\" srcset=\"https:\/\/sociedadesdigitales.org\/web\/wp-content\/uploads\/2025\/11\/Congreso-de-FePALC-9-1024x682.jpeg\">\n\t\t\t\t\t<source media=\"(min-width: 768px)\" srcset=\"https:\/\/sociedadesdigitales.org\/web\/wp-content\/uploads\/2025\/11\/Congreso-de-FePALC-9-1024x682.jpeg\">\n\t\t\t\t\t<img decoding=\"async\" class=\"spectra-image-gallery__media-thumbnail spectra-image-gallery__media-thumbnail--grid\" src=\"https:\/\/sociedadesdigitales.org\/web\/wp-content\/uploads\/2025\/11\/Congreso-de-FePALC-9-300x200.jpeg\" alt=\"\" loading=\"lazy\" \/>\n\t\t\t\t<\/picture>\n\t\t\t\t<div class=\"spectra-image-gallery__media-thumbnail-blurrer\"><\/div>\n\t\t\t\t\t\t\t\t\t\t\t<div class=\"spectra-image-gallery__media-thumbnail-caption-wrapper spectra-image-gallery__media-thumbnail-caption-wrapper--overlay\"><\/div>\n\t\t\t\t\t\t\t\t<\/div>\n\t\t\t\t\t\t<\/div>\n\t\t\t\t\t\t<\/div>\n\t\t\t\t\t\t<div class='spectra-image-gallery__media-wrapper--isotope'>\n\t\t\t\t\t\t\t<div class='spectra-image-gallery__media-wrapper' data-spectra-gallery-image-id='3168' tabindex=\"0\">\n\t\t\t\t\t\t\t<div class=\"spectra-image-gallery__media spectra-image-gallery__media--grid\">\n\t\t\t\t<picture>\n\t\t\t\t\t<source media=\"(min-width: 1024px)\" srcset=\"https:\/\/sociedadesdigitales.org\/web\/wp-content\/uploads\/2025\/11\/Congreso-de-FePALC-14-1024x719.jpeg\">\n\t\t\t\t\t<source media=\"(min-width: 768px)\" srcset=\"https:\/\/sociedadesdigitales.org\/web\/wp-content\/uploads\/2025\/11\/Congreso-de-FePALC-14-1024x719.jpeg\">\n\t\t\t\t\t<img decoding=\"async\" class=\"spectra-image-gallery__media-thumbnail spectra-image-gallery__media-thumbnail--grid\" src=\"https:\/\/sociedadesdigitales.org\/web\/wp-content\/uploads\/2025\/11\/Congreso-de-FePALC-14-300x211.jpeg\" alt=\"\" loading=\"lazy\" \/>\n\t\t\t\t<\/picture>\n\t\t\t\t<div class=\"spectra-image-gallery__media-thumbnail-blurrer\"><\/div>\n\t\t\t\t\t\t\t\t\t\t\t<div class=\"spectra-image-gallery__media-thumbnail-caption-wrapper spectra-image-gallery__media-thumbnail-caption-wrapper--overlay\"><\/div>\n\t\t\t\t\t\t\t\t<\/div>\n\t\t\t\t\t\t<\/div>\n\t\t\t\t\t\t<\/div>\n\t\t\t\t\t\t\t\t\t\t<\/div>\n\t\t\t\t\t\t\t\t\t\t<div class=\"spectra-image-gallery__control-wrapper\">\n\t\t\t\t<button data-role=\"none\" class=\"spectra-image-gallery__control-arrows spectra-image-gallery__control-arrows--grid\" aria-label=\"Previous\" tabIndex=\"0\" data-direction=\"Prev\" disabled>\n\t\t\t\t\t<svg width=\"20\" height=\"20\" viewBox=\"0 0 256 512\" aria-hidden=\"true\">\n\t\t\t\t\t\t<path d=\"M31.7 239l136-136c9.4-9.4 24.6-9.4 33.9 0l22.6 22.6c9.4 9.4 9.4 24.6 0 33.9L127.9 256l96.4 96.4c9.4 9.4 9.4 24.6 0 33.9L201.7 409c-9.4 9.4-24.6 9.4-33.9 0l-136-136c-9.5-9.4-9.5-24.6-.1-34z\">\n\t\t\t\t\t\t<\/path>\n\t\t\t\t\t<\/svg>\n\t\t\t\t<\/button>\n\t\t\t\t<ul class=\"spectra-image-gallery__control-dots\">\n\t\t\t\t\t\t\t\t\t\t\t<li class=\"spectra-image-gallery__control-dot spectra-image-gallery__control-dot--active\" data-go-to=\"1\">\n\t\t\t\t\t\t\t<button aria-label=\"Page 1\"><\/button>\n\t\t\t\t\t\t<\/li>\n\t\t\t\t\t\t\t\t\t\t<\/ul>\n\t\t\t\t<button data-role=\"none\" class=\"spectra-image-gallery__control-arrows spectra-image-gallery__control-arrows--grid\" aria-label=\"Next\" tabindex=\"0\" data-direction=\"Next\" disabled>\n\t\t\t\t\t<svg width=\"20\" height=\"20\" viewBox=\"0 0 256 512\" aria-hidden=\"true\">\n\t\t\t\t\t\t<path d=\"M224.3 273l-136 136c-9.4 9.4-24.6 9.4-33.9 0l-22.6-22.6c-9.4-9.4-9.4-24.6 0-33.9l96.4-96.4-96.4-96.4c-9.4-9.4-9.4-24.6 0-33.9L54.3 103c9.4-9.4 24.6-9.4 33.9 0l136 136c9.5 9.4 9.5 24.6.1 34z\">\n\t\t\t\t\t\t<\/path>\n\t\t\t\t\t<\/svg>\n\t\t\t\t<\/button>\n\t\t\t<\/div>\n\t\t\t\t\t\t\t\t\t\t\t\t\t\t<\/div>\n\t\t\t\t\t\t\t\t\t\t\t<div class='spectra-image-gallery__control-lightbox' tabindex='0'>\n\t\t\t\t\t\t\t\t\t\t\t<div class=\"swiper spectra-image-gallery__control-lightbox--main\" dir=\"\">\n\t\t\t\t\t<div class=\"swiper-wrapper\">\n\t\t\t\t\t\t\t\t\t\t\t\t\t\n\t\t\t\t\t\t\t<div class=\"swiper-slide\">\n\t\t\t\t\t\t\t\t<img class=\"swiper-lazy\" data-src=\"https:\/\/sociedadesdigitales.org\/web\/wp-content\/uploads\/2025\/11\/Congreso-de-FePALC-3.jpeg\" alt=\"\"\/>\n\t\t\t\t\t\t\t\t<div class=\"swiper-lazy-preloader swiper-lazy-preloader-white\"><\/div>\n\t\t\t\t\t\t\t\t\t\t\t\t\t\t\t<\/div>\n\t\t\t\t\t\t\t\t\t\t\t\t\t\n\t\t\t\t\t\t\t<div class=\"swiper-slide\">\n\t\t\t\t\t\t\t\t<img class=\"swiper-lazy\" data-src=\"https:\/\/sociedadesdigitales.org\/web\/wp-content\/uploads\/2025\/11\/Congreso-de-FePALC-4.jpeg\" alt=\"\"\/>\n\t\t\t\t\t\t\t\t<div class=\"swiper-lazy-preloader swiper-lazy-preloader-white\"><\/div>\n\t\t\t\t\t\t\t\t\t\t\t\t\t\t\t<\/div>\n\t\t\t\t\t\t\t\t\t\t\t\t\t\n\t\t\t\t\t\t\t<div class=\"swiper-slide\">\n\t\t\t\t\t\t\t\t<img class=\"swiper-lazy\" data-src=\"https:\/\/sociedadesdigitales.org\/web\/wp-content\/uploads\/2025\/11\/Congreso-de-FePALC-2-1.jpeg\" alt=\"\"\/>\n\t\t\t\t\t\t\t\t<div class=\"swiper-lazy-preloader swiper-lazy-preloader-white\"><\/div>\n\t\t\t\t\t\t\t\t\t\t\t\t\t\t\t<\/div>\n\t\t\t\t\t\t\t\t\t\t\t\t\t\n\t\t\t\t\t\t\t<div class=\"swiper-slide\">\n\t\t\t\t\t\t\t\t<img class=\"swiper-lazy\" data-src=\"https:\/\/sociedadesdigitales.org\/web\/wp-content\/uploads\/2025\/11\/Congreso-de-FePALC-7.jpeg\" alt=\"\"\/>\n\t\t\t\t\t\t\t\t<div class=\"swiper-lazy-preloader swiper-lazy-preloader-white\"><\/div>\n\t\t\t\t\t\t\t\t\t\t\t\t\t\t\t<\/div>\n\t\t\t\t\t\t\t\t\t\t\t\t\t\n\t\t\t\t\t\t\t<div class=\"swiper-slide\">\n\t\t\t\t\t\t\t\t<img class=\"swiper-lazy\" data-src=\"https:\/\/sociedadesdigitales.org\/web\/wp-content\/uploads\/2025\/11\/Congreso-de-FePALC-8.jpeg\" alt=\"\"\/>\n\t\t\t\t\t\t\t\t<div class=\"swiper-lazy-preloader swiper-lazy-preloader-white\"><\/div>\n\t\t\t\t\t\t\t\t\t\t\t\t\t\t\t<\/div>\n\t\t\t\t\t\t\t\t\t\t\t\t\t\n\t\t\t\t\t\t\t<div class=\"swiper-slide\">\n\t\t\t\t\t\t\t\t<img class=\"swiper-lazy\" data-src=\"https:\/\/sociedadesdigitales.org\/web\/wp-content\/uploads\/2025\/11\/Congreso-de-FePALC-15.jpeg\" alt=\"\"\/>\n\t\t\t\t\t\t\t\t<div class=\"swiper-lazy-preloader swiper-lazy-preloader-white\"><\/div>\n\t\t\t\t\t\t\t\t\t\t\t\t\t\t\t<\/div>\n\t\t\t\t\t\t\t\t\t\t\t\t\t\n\t\t\t\t\t\t\t<div class=\"swiper-slide\">\n\t\t\t\t\t\t\t\t<img class=\"swiper-lazy\" data-src=\"https:\/\/sociedadesdigitales.org\/web\/wp-content\/uploads\/2025\/11\/Congreso-de-FePALC-12.jpeg\" alt=\"\"\/>\n\t\t\t\t\t\t\t\t<div class=\"swiper-lazy-preloader swiper-lazy-preloader-white\"><\/div>\n\t\t\t\t\t\t\t\t\t\t\t\t\t\t\t<\/div>\n\t\t\t\t\t\t\t\t\t\t\t\t\t\n\t\t\t\t\t\t\t<div class=\"swiper-slide\">\n\t\t\t\t\t\t\t\t<img class=\"swiper-lazy\" data-src=\"https:\/\/sociedadesdigitales.org\/web\/wp-content\/uploads\/2025\/11\/Congreso-de-FePALC-9.jpeg\" alt=\"\"\/>\n\t\t\t\t\t\t\t\t<div class=\"swiper-lazy-preloader swiper-lazy-preloader-white\"><\/div>\n\t\t\t\t\t\t\t\t\t\t\t\t\t\t\t<\/div>\n\t\t\t\t\t\t\t\t\t\t\t\t\t\n\t\t\t\t\t\t\t<div class=\"swiper-slide\">\n\t\t\t\t\t\t\t\t<img class=\"swiper-lazy\" data-src=\"https:\/\/sociedadesdigitales.org\/web\/wp-content\/uploads\/2025\/11\/Congreso-de-FePALC-14.jpeg\" alt=\"\"\/>\n\t\t\t\t\t\t\t\t<div class=\"swiper-lazy-preloader swiper-lazy-preloader-white\"><\/div>\n\t\t\t\t\t\t\t\t\t\t\t\t\t\t\t<\/div>\n\t\t\t\t\t\t\t\t\t\t\t<\/div>\n\t\t\t\t\t<div class=\"swiper-button-next\"><\/div>\n\t\t\t\t\t<div class=\"swiper-button-prev\"><\/div>\n\t\t\t\t<\/div>\t\t\t\n\t\t\t\t\t\t\t\t\t\t\t\t\t\t\t\t\t\t\t\t\t\t\t\t\t\t\t\t\t\t\t\t<button class='spectra-image-gallery__control-lightbox--close' aria-label=\"Close\">\n\t\t\t\t\t\t\t\t\t\t\t\t\t<svg xmlns=\"https:\/\/www.w3.org\/2000\/svg\" viewBox= \"0 0 320 512\"><path d=\"M310.6 361.4c12.5 12.5 12.5 32.75 0 45.25C304.4 412.9 296.2 416 288 416s-16.38-3.125-22.62-9.375L160 301.3L54.63 406.6C48.38 412.9 40.19 416 32 416S15.63 412.9 9.375 406.6c-12.5-12.5-12.5-32.75 0-45.25l105.4-105.4L9.375 150.6c-12.5-12.5-12.5-32.75 0-45.25s32.75-12.5 45.25 0L160 210.8l105.4-105.4c12.5-12.5 32.75-12.5 45.25 0s12.5 32.75 0 45.25l-105.4 105.4L310.6 361.4z\"><\/path><\/svg>\n\t\t\t\t\t\t\t\t\t\t\t\t<\/button>\n\t\t\t\t\t\t\t\t\t\t\t\t\t<\/div>\n\t\t\t\t\t\t\t\t\t","protected":false},"excerpt":{"rendered":"<p>La Fundaci\u00f3n Sociedades Digitales particip\u00f3 del Congreso de la Federaci\u00f3n de Periodistas de Am\u00e9rica Latina y el Caribe (FePALC), realizado en Montevideo<\/p>\n","protected":false},"author":2,"featured_media":3154,"comment_status":"closed","ping_status":"closed","sticky":false,"template":"","format":"standard","meta":{"_uag_custom_page_level_css":"","_monsterinsights_skip_tracking":false,"_monsterinsights_sitenote_active":false,"_monsterinsights_sitenote_note":"","_monsterinsights_sitenote_category":0,"footnotes":""},"categories":[1,15],"tags":[],"class_list":["post-3152","post","type-post","status-publish","format-standard","has-post-thumbnail","hentry","category-blog","category-inteligencia-artificial"],"aioseo_notices":[],"uagb_featured_image_src":{"full":["https:\/\/sociedadesdigitales.org\/web\/wp-content\/uploads\/2025\/11\/Congreso-de-FePALC-2.jpeg",1600,1066,false],"thumbnail":["https:\/\/sociedadesdigitales.org\/web\/wp-content\/uploads\/2025\/11\/Congreso-de-FePALC-2-150x150.jpeg",150,150,true],"medium":["https:\/\/sociedadesdigitales.org\/web\/wp-content\/uploads\/2025\/11\/Congreso-de-FePALC-2-300x200.jpeg",300,200,true],"medium_large":["https:\/\/sociedadesdigitales.org\/web\/wp-content\/uploads\/2025\/11\/Congreso-de-FePALC-2-768x512.jpeg",768,512,true],"large":["https:\/\/sociedadesdigitales.org\/web\/wp-content\/uploads\/2025\/11\/Congreso-de-FePALC-2-1024x682.jpeg",1024,682,true],"1536x1536":["https:\/\/sociedadesdigitales.org\/web\/wp-content\/uploads\/2025\/11\/Congreso-de-FePALC-2-1536x1023.jpeg",1536,1023,true],"2048x2048":["https:\/\/sociedadesdigitales.org\/web\/wp-content\/uploads\/2025\/11\/Congreso-de-FePALC-2.jpeg",1600,1066,false],"post-thumbnail":["https:\/\/sociedadesdigitales.org\/web\/wp-content\/uploads\/2025\/11\/Congreso-de-FePALC-2-672x448.jpeg",672,448,true],"kleo-full-width":["https:\/\/sociedadesdigitales.org\/web\/wp-content\/uploads\/2025\/11\/Congreso-de-FePALC-2-1038x692.jpeg",1038,692,true],"kleo-post-gallery":["https:\/\/sociedadesdigitales.org\/web\/wp-content\/uploads\/2025\/11\/Congreso-de-FePALC-2-480x270.jpeg",480,270,true],"kleo-post-grid":["https:\/\/sociedadesdigitales.org\/web\/wp-content\/uploads\/2025\/11\/Congreso-de-FePALC-2-480x320.jpeg",480,320,true],"kleo-post-small-thumb":["https:\/\/sociedadesdigitales.org\/web\/wp-content\/uploads\/2025\/11\/Congreso-de-FePALC-2-480x270.jpeg",480,270,true]},"uagb_author_info":{"display_name":"Fundaci\u00f3n Sociedades Digitales","author_link":"https:\/\/sociedadesdigitales.org\/web\/author\/admin\/"},"uagb_comment_info":0,"uagb_excerpt":"La Fundaci\u00f3n Sociedades Digitales particip\u00f3 del Congreso de la Federaci\u00f3n de Periodistas de Am\u00e9rica Latina y el Caribe (FePALC), realizado en Montevideo","_links":{"self":[{"href":"https:\/\/sociedadesdigitales.org\/web\/wp-json\/wp\/v2\/posts\/3152","targetHints":{"allow":["GET"]}}],"collection":[{"href":"https:\/\/sociedadesdigitales.org\/web\/wp-json\/wp\/v2\/posts"}],"about":[{"href":"https:\/\/sociedadesdigitales.org\/web\/wp-json\/wp\/v2\/types\/post"}],"author":[{"embeddable":true,"href":"https:\/\/sociedadesdigitales.org\/web\/wp-json\/wp\/v2\/users\/2"}],"replies":[{"embeddable":true,"href":"https:\/\/sociedadesdigitales.org\/web\/wp-json\/wp\/v2\/comments?post=3152"}],"version-history":[{"count":12,"href":"https:\/\/sociedadesdigitales.org\/web\/wp-json\/wp\/v2\/posts\/3152\/revisions"}],"predecessor-version":[{"id":3186,"href":"https:\/\/sociedadesdigitales.org\/web\/wp-json\/wp\/v2\/posts\/3152\/revisions\/3186"}],"wp:featuredmedia":[{"embeddable":true,"href":"https:\/\/sociedadesdigitales.org\/web\/wp-json\/wp\/v2\/media\/3154"}],"wp:attachment":[{"href":"https:\/\/sociedadesdigitales.org\/web\/wp-json\/wp\/v2\/media?parent=3152"}],"wp:term":[{"taxonomy":"category","embeddable":true,"href":"https:\/\/sociedadesdigitales.org\/web\/wp-json\/wp\/v2\/categories?post=3152"},{"taxonomy":"post_tag","embeddable":true,"href":"https:\/\/sociedadesdigitales.org\/web\/wp-json\/wp\/v2\/tags?post=3152"}],"curies":[{"name":"wp","href":"https:\/\/api.w.org\/{rel}","templated":true}]}}