{"id":3107,"date":"2025-10-13T01:30:45","date_gmt":"2025-10-13T04:30:45","guid":{"rendered":"https:\/\/sociedadesdigitales.org\/web\/?p=3107"},"modified":"2025-10-13T13:04:41","modified_gmt":"2025-10-13T16:04:41","slug":"contenidos-del-microcurso-sobre-inteligencia-artificial-y-politica-estaran-disponibles-en-uruguay-a-traves-de-antel","status":"publish","type":"post","link":"https:\/\/sociedadesdigitales.org\/web\/2025\/10\/13\/contenidos-del-microcurso-sobre-inteligencia-artificial-y-politica-estaran-disponibles-en-uruguay-a-traves-de-antel\/","title":{"rendered":"Contenidos del microcurso sobre Inteligencia Artificial estar\u00e1n disponibles en Uruguay a trav\u00e9s de ANTEL"},"content":{"rendered":"\n<figure class=\"wp-block-image size-large\"><img loading=\"lazy\" decoding=\"async\" width=\"1024\" height=\"703\" src=\"https:\/\/sociedadesdigitales.org\/web\/wp-content\/uploads\/2025\/10\/pablo-1024x703.jpg\" alt=\"\" class=\"wp-image-3108\" srcset=\"https:\/\/sociedadesdigitales.org\/web\/wp-content\/uploads\/2025\/10\/pablo-1024x703.jpg 1024w, https:\/\/sociedadesdigitales.org\/web\/wp-content\/uploads\/2025\/10\/pablo-300x206.jpg 300w, https:\/\/sociedadesdigitales.org\/web\/wp-content\/uploads\/2025\/10\/pablo-768x527.jpg 768w, https:\/\/sociedadesdigitales.org\/web\/wp-content\/uploads\/2025\/10\/pablo-1536x1054.jpg 1536w, https:\/\/sociedadesdigitales.org\/web\/wp-content\/uploads\/2025\/10\/pablo-2048x1405.jpg 2048w, https:\/\/sociedadesdigitales.org\/web\/wp-content\/uploads\/2025\/10\/pablo-672x461.jpg 672w, https:\/\/sociedadesdigitales.org\/web\/wp-content\/uploads\/2025\/10\/pablo-1038x712.jpg 1038w, https:\/\/sociedadesdigitales.org\/web\/wp-content\/uploads\/2025\/10\/pablo-480x329.jpg 480w\" sizes=\"auto, (max-width: 1024px) 100vw, 1024px\" \/><figcaption class=\"wp-element-caption\">Sebasti\u00e1n Lorenzo y Pablo Alvarez. Edificio ANTEL, Montevideo, ROU.<\/figcaption><\/figure>\n\n\n\n<p>Los materiales del <strong>microcurso sobre Inteligencia Artificial<\/strong>, desarrollados por la <strong>Fundaci\u00f3n Sociedades Digitales<\/strong> durante 2024, estar\u00e1n muy pronto disponibles en <strong>Uruguay<\/strong> a trav\u00e9s de los <strong>canales de comunicaci\u00f3n de ANTEL<\/strong>, la empresa estatal de telecomunicaciones de ese pa\u00eds. Se trata de 28 videos de 10 minutos cada uno en los que participan academicos, pol\u00edticos y actores del sector privado abordando los desaf\u00edos sociales que plantea la IA en forma interdisciplinaria.<\/p>\n\n\n\n<p>El acuerdo fue consensuado entre el <strong>presidente de la Fundaci\u00f3n Sociedades Digitales, Sebasti\u00e1n Lorenzo<\/strong>, y el <strong>vicepresidente de ANTEL, Pablo \u00c1lvarez<\/strong>, en el marco de una agenda de cooperaci\u00f3n orientada a promover la formaci\u00f3n digital en la regi\u00f3n.<\/p>\n\n\n\n<p>\u201cUno de los objetivos de la Fundaci\u00f3n es que nuestros materiales de libre disponibilidad lleguen a la mayor cantidad de gente posible, y en ese marco la gente de ANTEL haya definido que es interesante para sus redes y canales en todo Uruguay no solo nos honra, sino que adem\u00e1s nos incentiva a seguir desarrollando material y poner a disposici\u00f3n de todas las organizaciones p\u00fablicas o privadas que deseen difundirlo\u201d, declar\u00f3 <strong>Sebasti\u00e1n Lorenzo<\/strong>.<\/p>\n\n\n\n<p>La iniciativa permitir\u00e1 que los contenidos educativos de la Fundaci\u00f3n lleguen a miles de uruguayos a trav\u00e9s de los medios digitales y redes institucionales de <strong>ANTEL<\/strong>, reforzando el compromiso compartido con una <strong>inteligencia artificial \u00e9tica, soberana y emp\u00e1tica con nuestra cultura latinoamericana<\/strong>.<\/p>\n\n\n\n<p><\/p>\n","protected":false},"excerpt":{"rendered":"<p>Se trata de 28 videos de 10 minutos cada uno en los que participan academicos, pol\u00edticos y actores del sector privado.<\/p>\n","protected":false},"author":2,"featured_media":3108,"comment_status":"closed","ping_status":"closed","sticky":false,"template":"","format":"standard","meta":{"_uag_custom_page_level_css":"","_monsterinsights_skip_tracking":false,"_monsterinsights_sitenote_active":false,"_monsterinsights_sitenote_note":"","_monsterinsights_sitenote_category":0,"footnotes":""},"categories":[15],"tags":[],"class_list":["post-3107","post","type-post","status-publish","format-standard","has-post-thumbnail","hentry","category-inteligencia-artificial"],"aioseo_notices":[],"uagb_featured_image_src":{"full":["https:\/\/sociedadesdigitales.org\/web\/wp-content\/uploads\/2025\/10\/pablo-scaled.jpg",2560,1756,false],"thumbnail":["https:\/\/sociedadesdigitales.org\/web\/wp-content\/uploads\/2025\/10\/pablo-150x150.jpg",150,150,true],"medium":["https:\/\/sociedadesdigitales.org\/web\/wp-content\/uploads\/2025\/10\/pablo-300x206.jpg",300,206,true],"medium_large":["https:\/\/sociedadesdigitales.org\/web\/wp-content\/uploads\/2025\/10\/pablo-768x527.jpg",768,527,true],"large":["https:\/\/sociedadesdigitales.org\/web\/wp-content\/uploads\/2025\/10\/pablo-1024x703.jpg",1024,703,true],"1536x1536":["https:\/\/sociedadesdigitales.org\/web\/wp-content\/uploads\/2025\/10\/pablo-1536x1054.jpg",1536,1054,true],"2048x2048":["https:\/\/sociedadesdigitales.org\/web\/wp-content\/uploads\/2025\/10\/pablo-2048x1405.jpg",2048,1405,true],"post-thumbnail":["https:\/\/sociedadesdigitales.org\/web\/wp-content\/uploads\/2025\/10\/pablo-672x461.jpg",672,461,true],"kleo-full-width":["https:\/\/sociedadesdigitales.org\/web\/wp-content\/uploads\/2025\/10\/pablo-1038x712.jpg",1038,712,true],"kleo-post-gallery":["https:\/\/sociedadesdigitales.org\/web\/wp-content\/uploads\/2025\/10\/pablo-480x270.jpg",480,270,true],"kleo-post-grid":["https:\/\/sociedadesdigitales.org\/web\/wp-content\/uploads\/2025\/10\/pablo-480x329.jpg",480,329,true],"kleo-post-small-thumb":["https:\/\/sociedadesdigitales.org\/web\/wp-content\/uploads\/2025\/10\/pablo-480x270.jpg",480,270,true]},"uagb_author_info":{"display_name":"Fundaci\u00f3n Sociedades Digitales","author_link":"https:\/\/sociedadesdigitales.org\/web\/author\/admin\/"},"uagb_comment_info":0,"uagb_excerpt":"Se trata de 28 videos de 10 minutos cada uno en los que participan academicos, pol\u00edticos y actores del sector privado.","_links":{"self":[{"href":"https:\/\/sociedadesdigitales.org\/web\/wp-json\/wp\/v2\/posts\/3107","targetHints":{"allow":["GET"]}}],"collection":[{"href":"https:\/\/sociedadesdigitales.org\/web\/wp-json\/wp\/v2\/posts"}],"about":[{"href":"https:\/\/sociedadesdigitales.org\/web\/wp-json\/wp\/v2\/types\/post"}],"author":[{"embeddable":true,"href":"https:\/\/sociedadesdigitales.org\/web\/wp-json\/wp\/v2\/users\/2"}],"replies":[{"embeddable":true,"href":"https:\/\/sociedadesdigitales.org\/web\/wp-json\/wp\/v2\/comments?post=3107"}],"version-history":[{"count":4,"href":"https:\/\/sociedadesdigitales.org\/web\/wp-json\/wp\/v2\/posts\/3107\/revisions"}],"predecessor-version":[{"id":3128,"href":"https:\/\/sociedadesdigitales.org\/web\/wp-json\/wp\/v2\/posts\/3107\/revisions\/3128"}],"wp:featuredmedia":[{"embeddable":true,"href":"https:\/\/sociedadesdigitales.org\/web\/wp-json\/wp\/v2\/media\/3108"}],"wp:attachment":[{"href":"https:\/\/sociedadesdigitales.org\/web\/wp-json\/wp\/v2\/media?parent=3107"}],"wp:term":[{"taxonomy":"category","embeddable":true,"href":"https:\/\/sociedadesdigitales.org\/web\/wp-json\/wp\/v2\/categories?post=3107"},{"taxonomy":"post_tag","embeddable":true,"href":"https:\/\/sociedadesdigitales.org\/web\/wp-json\/wp\/v2\/tags?post=3107"}],"curies":[{"name":"wp","href":"https:\/\/api.w.org\/{rel}","templated":true}]}}