{"id":3103,"date":"2025-10-18T01:12:23","date_gmt":"2025-10-18T04:12:23","guid":{"rendered":"https:\/\/sociedadesdigitales.org\/web\/?p=3103"},"modified":"2025-10-19T21:32:22","modified_gmt":"2025-10-20T00:32:22","slug":"poderia-2025-en-el-eje-cafetero-colombiano","status":"publish","type":"post","link":"https:\/\/sociedadesdigitales.org\/web\/2025\/10\/18\/poderia-2025-en-el-eje-cafetero-colombiano\/","title":{"rendered":"Colombia: formamos parte del congreso PoderIA."},"content":{"rendered":"\n<figure class=\"wp-block-image size-large\"><img loading=\"lazy\" decoding=\"async\" width=\"1024\" height=\"768\" src=\"https:\/\/sociedadesdigitales.org\/web\/wp-content\/uploads\/2025\/10\/WhatsApp-Image-2025-10-17-at-13.22.27-1024x768.jpeg\" alt=\"\" class=\"wp-image-3139\" srcset=\"https:\/\/sociedadesdigitales.org\/web\/wp-content\/uploads\/2025\/10\/WhatsApp-Image-2025-10-17-at-13.22.27-1024x768.jpeg 1024w, https:\/\/sociedadesdigitales.org\/web\/wp-content\/uploads\/2025\/10\/WhatsApp-Image-2025-10-17-at-13.22.27-300x225.jpeg 300w, https:\/\/sociedadesdigitales.org\/web\/wp-content\/uploads\/2025\/10\/WhatsApp-Image-2025-10-17-at-13.22.27-768x576.jpeg 768w, https:\/\/sociedadesdigitales.org\/web\/wp-content\/uploads\/2025\/10\/WhatsApp-Image-2025-10-17-at-13.22.27-1536x1152.jpeg 1536w, https:\/\/sociedadesdigitales.org\/web\/wp-content\/uploads\/2025\/10\/WhatsApp-Image-2025-10-17-at-13.22.27-672x504.jpeg 672w, https:\/\/sociedadesdigitales.org\/web\/wp-content\/uploads\/2025\/10\/WhatsApp-Image-2025-10-17-at-13.22.27-1038x779.jpeg 1038w, https:\/\/sociedadesdigitales.org\/web\/wp-content\/uploads\/2025\/10\/WhatsApp-Image-2025-10-17-at-13.22.27-480x360.jpeg 480w, https:\/\/sociedadesdigitales.org\/web\/wp-content\/uploads\/2025\/10\/WhatsApp-Image-2025-10-17-at-13.22.27.jpeg 1600w\" sizes=\"auto, (max-width: 1024px) 100vw, 1024px\" \/><figcaption class=\"wp-element-caption\">El presidente de FSD, Sebasti\u00e1n Lorenzo, expuso en PoderIA 2025<\/figcaption><\/figure>\n\n\n\n<p>Del <strong>16 al 17 de octubre de 2025<\/strong>, se celebr\u00f3 en <strong>Armenia, Quind\u00edo (Colombia)<\/strong> el <strong>Congreso Internacional PoderIA<\/strong>, un espacio que reuni\u00f3 a <strong>los principales empresarios, autoridades gubernamentales, expertos tecnol\u00f3gicos y acad\u00e9micos de la regi\u00f3n<\/strong> para debatir sobre el papel de la inteligencia artificial en el poder, la gobernanza y la sociedad.<\/p>\n\n\n\n<p>Bajo el lema <em>\u201cLa IA en el poder, el poder en la IA\u201d<\/em>, el encuentro abordar\u00e1 temas como la <strong>\u00e9tica tecnol\u00f3gica, los desaf\u00edos regulatorios, la gobernanza algor\u00edtmica y la transformaci\u00f3n digital<\/strong> en el sector p\u00fablico y privado.<\/p>\n\n\n\n<p>El evento tuvo lugar en el <strong>Hotel Mocawa Plaza<\/strong>, en el coraz\u00f3n del <strong>Eje Cafetero colombiano<\/strong>, una de las regiones m\u00e1s bellas y emblem\u00e1ticas del continente, declarada <strong>Patrimonio de la Humanidad por la UNESCO<\/strong>. En ese marco, el <strong>presidente de la Fundaci\u00f3n Sociedades Digitales, Sebasti\u00e1n Lorenzo<\/strong>, expuso sobre el <strong>futuro de la soberan\u00eda tecnol\u00f3gica y el papel de los modelos de inteligencia artificial en espa\u00f1ol<\/strong>.<\/p>\n\n\n\n<p><strong>PoderIA 2025<\/strong> cont\u00f3 con la participaci\u00f3n de conferencistas internacionales como <strong>Sang Gunn Yoo Park<\/strong> (Corea del Sur), <strong>Carlos Leger Sherman<\/strong> (Brasil), <strong>Christian Espinoza<\/strong> (Ecuador), <strong>Pedro Hernando Fl\u00f3rez<\/strong> y <strong>Mauricio Lizcano<\/strong> (Colombia), entre otros.<\/p>\n\n\n\n<figure class=\"wp-block-image size-large\"><img loading=\"lazy\" decoding=\"async\" width=\"1024\" height=\"768\" src=\"https:\/\/sociedadesdigitales.org\/web\/wp-content\/uploads\/2025\/10\/WhatsApp-Image-2025-10-19-at-21.16.57-1024x768.jpeg\" alt=\"\" class=\"wp-image-3140\" srcset=\"https:\/\/sociedadesdigitales.org\/web\/wp-content\/uploads\/2025\/10\/WhatsApp-Image-2025-10-19-at-21.16.57-1024x768.jpeg 1024w, https:\/\/sociedadesdigitales.org\/web\/wp-content\/uploads\/2025\/10\/WhatsApp-Image-2025-10-19-at-21.16.57-300x225.jpeg 300w, https:\/\/sociedadesdigitales.org\/web\/wp-content\/uploads\/2025\/10\/WhatsApp-Image-2025-10-19-at-21.16.57-768x576.jpeg 768w, https:\/\/sociedadesdigitales.org\/web\/wp-content\/uploads\/2025\/10\/WhatsApp-Image-2025-10-19-at-21.16.57-1536x1152.jpeg 1536w, https:\/\/sociedadesdigitales.org\/web\/wp-content\/uploads\/2025\/10\/WhatsApp-Image-2025-10-19-at-21.16.57-672x504.jpeg 672w, https:\/\/sociedadesdigitales.org\/web\/wp-content\/uploads\/2025\/10\/WhatsApp-Image-2025-10-19-at-21.16.57-1038x779.jpeg 1038w, https:\/\/sociedadesdigitales.org\/web\/wp-content\/uploads\/2025\/10\/WhatsApp-Image-2025-10-19-at-21.16.57-480x360.jpeg 480w, https:\/\/sociedadesdigitales.org\/web\/wp-content\/uploads\/2025\/10\/WhatsApp-Image-2025-10-19-at-21.16.57.jpeg 1600w\" sizes=\"auto, (max-width: 1024px) 100vw, 1024px\" \/><\/figure>\n\n\n\n<p>Entre sus <strong>aliados y patrocinadores oficiales<\/strong> se destacan empresas del ecosistema tecnol\u00f3gico como <strong>Technology Data &amp; Analytics<\/strong>, <strong>Traditec<\/strong>, y diversas instituciones dedicadas a la \u00e9tica digital y la innovaci\u00f3n p\u00fablica. Adem\u00e1s de Argentina, participar\u00e1n delegaciones de <strong>Brasil, Ecuador, M\u00e9xico, Corea del Sur y Colombia<\/strong>.<\/p>\n\n\n\n<p>Para conocer m\u00e1s sobre el congreso puede visitarse <a href=\"https:\/\/poderia.co\/?utm_source=chatgpt.com\" target=\"_blank\" rel=\"noopener\" title=\"\"><strong>www.poderia.co<\/strong><\/a>.<\/p>\n","protected":false},"excerpt":{"rendered":"<p>Del 16 al 17 de octubre de 2025, se celebrar\u00e1 en Armenia, Quind\u00edo (Colombia) el Congreso Internacional PoderIA<\/p>\n","protected":false},"author":2,"featured_media":3140,"comment_status":"closed","ping_status":"closed","sticky":false,"template":"","format":"standard","meta":{"_uag_custom_page_level_css":"","_monsterinsights_skip_tracking":false,"_monsterinsights_sitenote_active":false,"_monsterinsights_sitenote_note":"","_monsterinsights_sitenote_category":0,"footnotes":""},"categories":[15],"tags":[],"class_list":["post-3103","post","type-post","status-publish","format-standard","has-post-thumbnail","hentry","category-inteligencia-artificial"],"aioseo_notices":[],"uagb_featured_image_src":{"full":["https:\/\/sociedadesdigitales.org\/web\/wp-content\/uploads\/2025\/10\/WhatsApp-Image-2025-10-19-at-21.16.57.jpeg",1600,1200,false],"thumbnail":["https:\/\/sociedadesdigitales.org\/web\/wp-content\/uploads\/2025\/10\/WhatsApp-Image-2025-10-19-at-21.16.57-150x150.jpeg",150,150,true],"medium":["https:\/\/sociedadesdigitales.org\/web\/wp-content\/uploads\/2025\/10\/WhatsApp-Image-2025-10-19-at-21.16.57-300x225.jpeg",300,225,true],"medium_large":["https:\/\/sociedadesdigitales.org\/web\/wp-content\/uploads\/2025\/10\/WhatsApp-Image-2025-10-19-at-21.16.57-768x576.jpeg",768,576,true],"large":["https:\/\/sociedadesdigitales.org\/web\/wp-content\/uploads\/2025\/10\/WhatsApp-Image-2025-10-19-at-21.16.57-1024x768.jpeg",1024,768,true],"1536x1536":["https:\/\/sociedadesdigitales.org\/web\/wp-content\/uploads\/2025\/10\/WhatsApp-Image-2025-10-19-at-21.16.57-1536x1152.jpeg",1536,1152,true],"2048x2048":["https:\/\/sociedadesdigitales.org\/web\/wp-content\/uploads\/2025\/10\/WhatsApp-Image-2025-10-19-at-21.16.57.jpeg",1600,1200,false],"post-thumbnail":["https:\/\/sociedadesdigitales.org\/web\/wp-content\/uploads\/2025\/10\/WhatsApp-Image-2025-10-19-at-21.16.57-672x504.jpeg",672,504,true],"kleo-full-width":["https:\/\/sociedadesdigitales.org\/web\/wp-content\/uploads\/2025\/10\/WhatsApp-Image-2025-10-19-at-21.16.57-1038x779.jpeg",1038,779,true],"kleo-post-gallery":["https:\/\/sociedadesdigitales.org\/web\/wp-content\/uploads\/2025\/10\/WhatsApp-Image-2025-10-19-at-21.16.57-480x270.jpeg",480,270,true],"kleo-post-grid":["https:\/\/sociedadesdigitales.org\/web\/wp-content\/uploads\/2025\/10\/WhatsApp-Image-2025-10-19-at-21.16.57-480x360.jpeg",480,360,true],"kleo-post-small-thumb":["https:\/\/sociedadesdigitales.org\/web\/wp-content\/uploads\/2025\/10\/WhatsApp-Image-2025-10-19-at-21.16.57-480x270.jpeg",480,270,true]},"uagb_author_info":{"display_name":"Fundaci\u00f3n Sociedades Digitales","author_link":"https:\/\/sociedadesdigitales.org\/web\/author\/admin\/"},"uagb_comment_info":0,"uagb_excerpt":"Del 16 al 17 de octubre de 2025, se celebrar\u00e1 en Armenia, Quind\u00edo (Colombia) el Congreso Internacional PoderIA","_links":{"self":[{"href":"https:\/\/sociedadesdigitales.org\/web\/wp-json\/wp\/v2\/posts\/3103","targetHints":{"allow":["GET"]}}],"collection":[{"href":"https:\/\/sociedadesdigitales.org\/web\/wp-json\/wp\/v2\/posts"}],"about":[{"href":"https:\/\/sociedadesdigitales.org\/web\/wp-json\/wp\/v2\/types\/post"}],"author":[{"embeddable":true,"href":"https:\/\/sociedadesdigitales.org\/web\/wp-json\/wp\/v2\/users\/2"}],"replies":[{"embeddable":true,"href":"https:\/\/sociedadesdigitales.org\/web\/wp-json\/wp\/v2\/comments?post=3103"}],"version-history":[{"count":6,"href":"https:\/\/sociedadesdigitales.org\/web\/wp-json\/wp\/v2\/posts\/3103\/revisions"}],"predecessor-version":[{"id":3144,"href":"https:\/\/sociedadesdigitales.org\/web\/wp-json\/wp\/v2\/posts\/3103\/revisions\/3144"}],"wp:featuredmedia":[{"embeddable":true,"href":"https:\/\/sociedadesdigitales.org\/web\/wp-json\/wp\/v2\/media\/3140"}],"wp:attachment":[{"href":"https:\/\/sociedadesdigitales.org\/web\/wp-json\/wp\/v2\/media?parent=3103"}],"wp:term":[{"taxonomy":"category","embeddable":true,"href":"https:\/\/sociedadesdigitales.org\/web\/wp-json\/wp\/v2\/categories?post=3103"},{"taxonomy":"post_tag","embeddable":true,"href":"https:\/\/sociedadesdigitales.org\/web\/wp-json\/wp\/v2\/tags?post=3103"}],"curies":[{"name":"wp","href":"https:\/\/api.w.org\/{rel}","templated":true}]}}