{"id":2995,"date":"2025-08-26T15:22:02","date_gmt":"2025-08-26T18:22:02","guid":{"rendered":"https:\/\/sociedadesdigitales.org\/web\/?p=2995"},"modified":"2025-08-27T13:35:22","modified_gmt":"2025-08-27T16:35:22","slug":"conversatorio-1-politica-tecnologia-e-inteligencia-colectiva","status":"publish","type":"post","link":"https:\/\/sociedadesdigitales.org\/web\/2025\/08\/26\/conversatorio-1-politica-tecnologia-e-inteligencia-colectiva\/","title":{"rendered":"Conversatorio #1: Pol\u00edtica, tecnolog\u00eda e inteligencia colectiva"},"content":{"rendered":"\n<figure class=\"wp-block-image size-large\"><img loading=\"lazy\" decoding=\"async\" width=\"1024\" height=\"576\" src=\"https:\/\/sociedadesdigitales.org\/web\/wp-content\/uploads\/2025\/08\/banner_4_fotos_actualizado-1024x576.jpg\" alt=\"\" class=\"wp-image-3009\" srcset=\"https:\/\/sociedadesdigitales.org\/web\/wp-content\/uploads\/2025\/08\/banner_4_fotos_actualizado-1024x576.jpg 1024w, https:\/\/sociedadesdigitales.org\/web\/wp-content\/uploads\/2025\/08\/banner_4_fotos_actualizado-300x169.jpg 300w, https:\/\/sociedadesdigitales.org\/web\/wp-content\/uploads\/2025\/08\/banner_4_fotos_actualizado-768x432.jpg 768w, https:\/\/sociedadesdigitales.org\/web\/wp-content\/uploads\/2025\/08\/banner_4_fotos_actualizado-1536x864.jpg 1536w, https:\/\/sociedadesdigitales.org\/web\/wp-content\/uploads\/2025\/08\/banner_4_fotos_actualizado-672x378.jpg 672w, https:\/\/sociedadesdigitales.org\/web\/wp-content\/uploads\/2025\/08\/banner_4_fotos_actualizado-1038x584.jpg 1038w, https:\/\/sociedadesdigitales.org\/web\/wp-content\/uploads\/2025\/08\/banner_4_fotos_actualizado-480x270.jpg 480w, https:\/\/sociedadesdigitales.org\/web\/wp-content\/uploads\/2025\/08\/banner_4_fotos_actualizado.jpg 1920w\" sizes=\"auto, (max-width: 1024px) 100vw, 1024px\" \/><\/figure>\n\n\n\n<p>El<strong> mi\u00e9rcoles 3 de septiembre a las 18 horas de Argentina<\/strong> realizaremos un <strong>conversatorio <\/strong>virtual \u201c<strong>Pol\u00edtica, tecnolog\u00eda e inteligencia colectiva<\/strong>\u201d para analizar c\u00f3mo la tecnolog\u00eda est\u00e1 redefiniendo las relaciones de poder, el ecosistema de actores y su impacto en la gesti\u00f3n y las pol\u00edticas p\u00fablicas.<\/p>\n\n\n\n<p>Este evento marca el <strong>lanzamiento de Enraizar<\/strong>, una comunidad de pr\u00e1ctica dedicada a impulsar una gesti\u00f3n p\u00fablica digital cr\u00edtica y situada, que parta de las realidades, los saberes y las capacidades de nuestros territorios. Se trata de una iniciativa conjunta que impulsamos con Asuntos del Sur y la Asociaci\u00f3n de Estudios de Administraci\u00f3n P\u00fablica.&nbsp;&nbsp;<\/p>\n\n\n\n<p>Contaremos con la participaci\u00f3n de destacados referentes del \u00e1mbito digital y pol\u00edtico:<\/p>\n\n\n\n<ul class=\"wp-block-list\">\n<li><strong>Sebasti\u00e1n Lorenzo<\/strong>, presidente de la <a href=\"https:\/\/sociedadesdigitales.org\/web\/sebastian-lorenzo\/\">Fundaci\u00f3n Sociedades Digitales<\/a>.<\/li>\n\n\n\n<li><strong>Mat\u00edas Bianchi<\/strong>, director ejecutivo de <a href=\"https:\/\/asuntosdelsur.org\/\">Asuntos del Sur<\/a>.<\/li>\n\n\n\n<li><strong>Diego Pando<\/strong>, presidente de la <a href=\"https:\/\/www.aaeap.org.ar\/\">Asociaci\u00f3n Argentina de Estudios de Administraci\u00f3n P\u00fablica<\/a>.<\/li>\n\n\n\n<li><strong>Camila Chirino<\/strong>, moderadora del conversatorio.<\/li>\n<\/ul>\n\n\n\n<p>Con cupos limitados y modalidad virtual a trav\u00e9s de Zoom, la actividad est\u00e1 abierta a quienes deseen inscribirse en el sitio oficial:<\/p>\n\n\n\n<p>\ud83d\udc49 <a href=\"https:\/\/enraizar.org\">https:\/\/enraizar.org<\/a><\/p>\n","protected":false},"excerpt":{"rendered":"<p>El mi\u00e9rcoles 3 de septiembre a las 18 horas de Argentina realizaremos un conversatorio virtual \u201cPol\u00edtica, tecnolog\u00eda e inteligencia colectiva\u201d<\/p>\n","protected":false},"author":2,"featured_media":3011,"comment_status":"closed","ping_status":"closed","sticky":false,"template":"","format":"standard","meta":{"_uag_custom_page_level_css":"","_monsterinsights_skip_tracking":false,"_monsterinsights_sitenote_active":false,"_monsterinsights_sitenote_note":"","_monsterinsights_sitenote_category":0,"footnotes":""},"categories":[15],"tags":[],"class_list":["post-2995","post","type-post","status-publish","format-standard","has-post-thumbnail","hentry","category-inteligencia-artificial"],"aioseo_notices":[],"uagb_featured_image_src":{"full":["https:\/\/sociedadesdigitales.org\/web\/wp-content\/uploads\/2025\/08\/collage_4_fotos_actualizado.jpg",1200,1200,false],"thumbnail":["https:\/\/sociedadesdigitales.org\/web\/wp-content\/uploads\/2025\/08\/collage_4_fotos_actualizado-150x150.jpg",150,150,true],"medium":["https:\/\/sociedadesdigitales.org\/web\/wp-content\/uploads\/2025\/08\/collage_4_fotos_actualizado-300x300.jpg",300,300,true],"medium_large":["https:\/\/sociedadesdigitales.org\/web\/wp-content\/uploads\/2025\/08\/collage_4_fotos_actualizado-768x768.jpg",768,768,true],"large":["https:\/\/sociedadesdigitales.org\/web\/wp-content\/uploads\/2025\/08\/collage_4_fotos_actualizado-1024x1024.jpg",1024,1024,true],"1536x1536":["https:\/\/sociedadesdigitales.org\/web\/wp-content\/uploads\/2025\/08\/collage_4_fotos_actualizado.jpg",1200,1200,false],"2048x2048":["https:\/\/sociedadesdigitales.org\/web\/wp-content\/uploads\/2025\/08\/collage_4_fotos_actualizado.jpg",1200,1200,false],"post-thumbnail":["https:\/\/sociedadesdigitales.org\/web\/wp-content\/uploads\/2025\/08\/collage_4_fotos_actualizado-672x672.jpg",672,672,true],"kleo-full-width":["https:\/\/sociedadesdigitales.org\/web\/wp-content\/uploads\/2025\/08\/collage_4_fotos_actualizado-1038x1038.jpg",1038,1038,true],"kleo-post-gallery":["https:\/\/sociedadesdigitales.org\/web\/wp-content\/uploads\/2025\/08\/collage_4_fotos_actualizado-480x270.jpg",480,270,true],"kleo-post-grid":["https:\/\/sociedadesdigitales.org\/web\/wp-content\/uploads\/2025\/08\/collage_4_fotos_actualizado-480x480.jpg",480,480,true],"kleo-post-small-thumb":["https:\/\/sociedadesdigitales.org\/web\/wp-content\/uploads\/2025\/08\/collage_4_fotos_actualizado-480x270.jpg",480,270,true]},"uagb_author_info":{"display_name":"Fundaci\u00f3n Sociedades Digitales","author_link":"https:\/\/sociedadesdigitales.org\/web\/author\/admin\/"},"uagb_comment_info":0,"uagb_excerpt":"El mi\u00e9rcoles 3 de septiembre a las 18 horas de Argentina realizaremos un conversatorio virtual \u201cPol\u00edtica, tecnolog\u00eda e inteligencia colectiva\u201d","_links":{"self":[{"href":"https:\/\/sociedadesdigitales.org\/web\/wp-json\/wp\/v2\/posts\/2995","targetHints":{"allow":["GET"]}}],"collection":[{"href":"https:\/\/sociedadesdigitales.org\/web\/wp-json\/wp\/v2\/posts"}],"about":[{"href":"https:\/\/sociedadesdigitales.org\/web\/wp-json\/wp\/v2\/types\/post"}],"author":[{"embeddable":true,"href":"https:\/\/sociedadesdigitales.org\/web\/wp-json\/wp\/v2\/users\/2"}],"replies":[{"embeddable":true,"href":"https:\/\/sociedadesdigitales.org\/web\/wp-json\/wp\/v2\/comments?post=2995"}],"version-history":[{"count":5,"href":"https:\/\/sociedadesdigitales.org\/web\/wp-json\/wp\/v2\/posts\/2995\/revisions"}],"predecessor-version":[{"id":3010,"href":"https:\/\/sociedadesdigitales.org\/web\/wp-json\/wp\/v2\/posts\/2995\/revisions\/3010"}],"wp:featuredmedia":[{"embeddable":true,"href":"https:\/\/sociedadesdigitales.org\/web\/wp-json\/wp\/v2\/media\/3011"}],"wp:attachment":[{"href":"https:\/\/sociedadesdigitales.org\/web\/wp-json\/wp\/v2\/media?parent=2995"}],"wp:term":[{"taxonomy":"category","embeddable":true,"href":"https:\/\/sociedadesdigitales.org\/web\/wp-json\/wp\/v2\/categories?post=2995"},{"taxonomy":"post_tag","embeddable":true,"href":"https:\/\/sociedadesdigitales.org\/web\/wp-json\/wp\/v2\/tags?post=2995"}],"curies":[{"name":"wp","href":"https:\/\/api.w.org\/{rel}","templated":true}]}}