{"id":2979,"date":"2025-06-30T15:01:58","date_gmt":"2025-06-30T18:01:58","guid":{"rendered":"https:\/\/sociedadesdigitales.org\/web\/?p=2979"},"modified":"2025-07-07T10:59:53","modified_gmt":"2025-07-07T13:59:53","slug":"la-inteligencia-artificial-y-su-impacto-en-el-sector-publico-latinoamericano","status":"publish","type":"post","link":"https:\/\/sociedadesdigitales.org\/web\/2025\/06\/30\/la-inteligencia-artificial-y-su-impacto-en-el-sector-publico-latinoamericano\/","title":{"rendered":"La inteligencia artificial y su impacto en el sector p\u00fablico latinoamericano"},"content":{"rendered":"\n<p>Nos complace compartir el art\u00edculo\u00a0<em>\u00abLa incidencia de la inteligencia artificial en la reconversi\u00f3n laboral: Perspectivas en el sector p\u00fablico de Am\u00e9rica Latina\u00bb<\/em>, publicado en el <a href=\"https:\/\/revistaeypp.flacso.org.ar\/\" target=\"_blank\" rel=\"noopener\" title=\"\">N\u00b024 de la Revista Revista Estado y Pol\u00edticas P\u00fablicas de FLACSO<\/a>. La investigaci\u00f3n, realizada por\u00a0<strong>Camila Chirino<\/strong>\u00a0\u2014 nuestra coordinadora de\u00a0<strong><a href=\"https:\/\/sociedadesdigitales.org\/web\/campusia\/\" title=\"\">CampusIA<\/a><\/strong>\u2014 junto a\u00a0<strong>Alberto Bonifacio<\/strong>, analiza c\u00f3mo las administraciones p\u00fablicas de la regi\u00f3n gestionan el impacto transformador de la\u00a0<strong>Inteligencia Artificial (IA).<\/strong>\u00a0.<\/p>\n\n\n\n<p>El estudio aborda los desaf\u00edos de la&nbsp;<strong>reconversi\u00f3n laboral<\/strong>&nbsp;\u2014<em>upskilling<\/em>&nbsp;y&nbsp;<em>reskilling<\/em>\u2014 en un contexto tecnol\u00f3gico en constante evoluci\u00f3n. A trav\u00e9s de un exhaustivo relevamiento de informes, \u00edndices regionales y documentos globales, los autores presentan un diagn\u00f3stico sobre:<\/p>\n\n\n\n<ul class=\"wp-block-list\">\n<li>Las\u00a0<strong>habilidades clave en IA<\/strong>, diferenciando entre\u00a0<em>ingenier\u00eda de IA<\/em>\u00a0y\u00a0<em>alfabetizaci\u00f3n digital en IA<\/em>.<\/li>\n\n\n\n<li>Las perspectivas sobre\u00a0<strong>talento humano, formaci\u00f3n y adopci\u00f3n tecnol\u00f3gica<\/strong>\u00a0en seis pa\u00edses:\u00a0<strong>Argentina, Brasil, Chile, Colombia, M\u00e9xico y Uruguay<\/strong>.<\/li>\n<\/ul>\n\n\n\n<p>Este trabajo contribuye al debate sobre el futuro del trabajo en el sector p\u00fablico, y adem\u00e1s ofrece insumos valiosos para dise\u00f1ar pol\u00edticas de adaptaci\u00f3n ante la revoluci\u00f3n digital.<\/p>\n\n\n\n<div class=\"wp-block-buttons is-layout-flex wp-block-buttons-is-layout-flex\">\n<div class=\"wp-block-button\"><a class=\"wp-block-button__link wp-element-button\" href=\"https:\/\/revistaeypp.flacso.org.ar\/files\/revistas\/1748565496_97-124.pdf\">Acceder al art\u00edculo<\/a><\/div>\n<\/div>\n","protected":false},"excerpt":{"rendered":"<p>Camila Chirino public\u00f3 un art\u00edculo junto a Alberto Bonifacio en el n\u00famero 24 de la Revista Estado y Pol\u00edticas P\u00fablicas de Flacso<\/p>\n","protected":false},"author":2,"featured_media":2980,"comment_status":"closed","ping_status":"closed","sticky":false,"template":"","format":"standard","meta":{"_uag_custom_page_level_css":"","_monsterinsights_skip_tracking":false,"_monsterinsights_sitenote_active":false,"_monsterinsights_sitenote_note":"","_monsterinsights_sitenote_category":0,"footnotes":""},"categories":[1,82,15],"tags":[],"class_list":["post-2979","post","type-post","status-publish","format-standard","has-post-thumbnail","hentry","category-blog","category-camila","category-inteligencia-artificial"],"aioseo_notices":[],"uagb_featured_image_src":{"full":["https:\/\/sociedadesdigitales.org\/web\/wp-content\/uploads\/2025\/06\/FLACSO.jpg",1516,1498,false],"thumbnail":["https:\/\/sociedadesdigitales.org\/web\/wp-content\/uploads\/2025\/06\/FLACSO-150x150.jpg",150,150,true],"medium":["https:\/\/sociedadesdigitales.org\/web\/wp-content\/uploads\/2025\/06\/FLACSO-300x296.jpg",300,296,true],"medium_large":["https:\/\/sociedadesdigitales.org\/web\/wp-content\/uploads\/2025\/06\/FLACSO-768x759.jpg",768,759,true],"large":["https:\/\/sociedadesdigitales.org\/web\/wp-content\/uploads\/2025\/06\/FLACSO-1024x1012.jpg",1024,1012,true],"1536x1536":["https:\/\/sociedadesdigitales.org\/web\/wp-content\/uploads\/2025\/06\/FLACSO.jpg",1516,1498,false],"2048x2048":["https:\/\/sociedadesdigitales.org\/web\/wp-content\/uploads\/2025\/06\/FLACSO.jpg",1516,1498,false],"post-thumbnail":["https:\/\/sociedadesdigitales.org\/web\/wp-content\/uploads\/2025\/06\/FLACSO-672x664.jpg",672,664,true],"kleo-full-width":["https:\/\/sociedadesdigitales.org\/web\/wp-content\/uploads\/2025\/06\/FLACSO-1038x1026.jpg",1038,1026,true],"kleo-post-gallery":["https:\/\/sociedadesdigitales.org\/web\/wp-content\/uploads\/2025\/06\/FLACSO-480x270.jpg",480,270,true],"kleo-post-grid":["https:\/\/sociedadesdigitales.org\/web\/wp-content\/uploads\/2025\/06\/FLACSO-480x474.jpg",480,474,true],"kleo-post-small-thumb":["https:\/\/sociedadesdigitales.org\/web\/wp-content\/uploads\/2025\/06\/FLACSO-480x270.jpg",480,270,true]},"uagb_author_info":{"display_name":"Fundaci\u00f3n Sociedades Digitales","author_link":"https:\/\/sociedadesdigitales.org\/web\/author\/admin\/"},"uagb_comment_info":0,"uagb_excerpt":"Camila Chirino public\u00f3 un art\u00edculo junto a Alberto Bonifacio en el n\u00famero 24 de la Revista Estado y Pol\u00edticas P\u00fablicas de Flacso","_links":{"self":[{"href":"https:\/\/sociedadesdigitales.org\/web\/wp-json\/wp\/v2\/posts\/2979","targetHints":{"allow":["GET"]}}],"collection":[{"href":"https:\/\/sociedadesdigitales.org\/web\/wp-json\/wp\/v2\/posts"}],"about":[{"href":"https:\/\/sociedadesdigitales.org\/web\/wp-json\/wp\/v2\/types\/post"}],"author":[{"embeddable":true,"href":"https:\/\/sociedadesdigitales.org\/web\/wp-json\/wp\/v2\/users\/2"}],"replies":[{"embeddable":true,"href":"https:\/\/sociedadesdigitales.org\/web\/wp-json\/wp\/v2\/comments?post=2979"}],"version-history":[{"count":1,"href":"https:\/\/sociedadesdigitales.org\/web\/wp-json\/wp\/v2\/posts\/2979\/revisions"}],"predecessor-version":[{"id":2981,"href":"https:\/\/sociedadesdigitales.org\/web\/wp-json\/wp\/v2\/posts\/2979\/revisions\/2981"}],"wp:featuredmedia":[{"embeddable":true,"href":"https:\/\/sociedadesdigitales.org\/web\/wp-json\/wp\/v2\/media\/2980"}],"wp:attachment":[{"href":"https:\/\/sociedadesdigitales.org\/web\/wp-json\/wp\/v2\/media?parent=2979"}],"wp:term":[{"taxonomy":"category","embeddable":true,"href":"https:\/\/sociedadesdigitales.org\/web\/wp-json\/wp\/v2\/categories?post=2979"},{"taxonomy":"post_tag","embeddable":true,"href":"https:\/\/sociedadesdigitales.org\/web\/wp-json\/wp\/v2\/tags?post=2979"}],"curies":[{"name":"wp","href":"https:\/\/api.w.org\/{rel}","templated":true}]}}