{"id":2802,"date":"2025-05-10T13:00:18","date_gmt":"2025-05-10T16:00:18","guid":{"rendered":"https:\/\/sociedadesdigitales.org\/web\/?p=2802"},"modified":"2025-05-10T13:06:14","modified_gmt":"2025-05-10T16:06:14","slug":"el-papa-explico-por-que-se-llama-leon-xiv-de-rerum-novarum-a-los-desafios-de-la-ia","status":"publish","type":"post","link":"https:\/\/sociedadesdigitales.org\/web\/2025\/05\/10\/el-papa-explico-por-que-se-llama-leon-xiv-de-rerum-novarum-a-los-desafios-de-la-ia\/","title":{"rendered":"El Papa explic\u00f3 por que se llama Le\u00f3n XIV: de Rerum Novarum a los desaf\u00edos de la IA"},"content":{"rendered":"\n<p>El reci\u00e9n elegido pont\u00edfice explic\u00f3 por qu\u00e9 eligi\u00f3 el nombre Le\u00f3n XIV,<strong> haciendo un paralelismo entre la revoluci\u00f3n industrial del siglo XIX y los desaf\u00edos actuales que plantea la inteligencia artificial.<\/strong> Su mensaje resuena con los principios que inspiran a nuestra Fundaci\u00f3n.<\/p>\n\n\n\n<p>En su primer encuentro con el Colegio cardenalicio, el nuevo pont\u00edfice Le\u00f3n XIV, explic\u00f3 p\u00fablicamente el motivo de su elecci\u00f3n de nombre. Seg\u00fan expres\u00f3:<\/p>\n\n\n\n<blockquote class=\"wp-block-quote is-layout-flow wp-block-quote-is-layout-flow\">\n<p>\u201cHay varias razones, pero la principal es porque el papa Le\u00f3n XIII, con la hist\u00f3rica enc\u00edclica \u2018Rerum novarum\u2019, afront\u00f3 la cuesti\u00f3n social en el contexto de la primera gran revoluci\u00f3n industrial y hoy la Iglesia ofrece a todos, su patrimonio de doctrina social para responder a otra revoluci\u00f3n industrial y a los desarrollos de la inteligencia artificial, que comportan nuevos desaf\u00edos en la defensa de la dignidad humana, de la justicia y el trabajo\u201d.<\/p>\n<\/blockquote>\n\n\n\n<p>Este planteo establece un paralelismo expl\u00edcito entre los desaf\u00edos enfrentados por Le\u00f3n XIII a fines del siglo XIX y los que Le\u00f3n XIV considera prioritarios en la actualidad: la revoluci\u00f3n digital, la automatizaci\u00f3n y la inteligencia artificial.<\/p>\n\n\n\n<p>La elecci\u00f3n del nombre tambi\u00e9n fue anticipada informalmente tras el c\u00f3nclave, durante la cena con los cardenales. Seg\u00fan relat\u00f3 el cardenal Ladislav Nemet, arzobispo de Belgrado:<\/p>\n\n\n\n<blockquote class=\"wp-block-quote is-layout-flow wp-block-quote-is-layout-flow\">\n<p>\u201cLe preguntamos c\u00f3mo eligi\u00f3 el nombre\u201d, y Prevost respondi\u00f3: Estamos en medio de una nueva revoluci\u00f3n digital, igual que en la \u00e9poca de Le\u00f3n XIII hubo una revoluci\u00f3n industrial\u201d.<\/p>\n<\/blockquote>\n\n\n\n<p>Nemet agreg\u00f3 que el Papa \u201cquiere prestar m\u00e1s atenci\u00f3n a los problemas de orden social en el mundo, as\u00ed como a los de justicia\u201d, y resumi\u00f3 la elecci\u00f3n con una frase clara:<\/p>\n\n\n\n<blockquote class=\"wp-block-quote is-layout-flow wp-block-quote-is-layout-flow\">\n<p>\u201cEl nombre es su programa\u201d.<\/p>\n<\/blockquote>\n\n\n\n<p>Estas definiciones iniciales de Le\u00f3n XIV dialogan directamente con los debates contempor\u00e1neos sobre tecnolog\u00eda, trabajo y dignidad humana, e invitan a renovar el compromiso de todos los actores sociales \u2014incluyendo la Iglesia\u2014 con una transformaci\u00f3n digital \u00e9tica, justa e inclusiva.<\/p>\n\n\n\n<p><strong>El otro Le\u00f3n<\/strong><\/p>\n\n\n\n<p>No son pocas las voces dentro del Vaticano que han se\u00f1alado que, adem\u00e1s de Le\u00f3n XIII,<strong> otra de las fuertes inspiraciones del nuevo Papa podr\u00eda encontrarse en el hermano Fray Le\u00f3n , el compa\u00f1ero m\u00e1s \u00edntimo de San Francisco de As\u00eds <\/strong>. Fue su confesor, secretario y testigo de momentos clave como la recepci\u00f3n de los estigmas, adem\u00e1s de custodiar sus cartas, textos y reliquias. Fray Le\u00f3n encarn\u00f3 un modelo de fidelidad, sencillez y amor profundo al carisma franciscano. <strong>Por eso, muchos te\u00f3logos y fieles interpretan en la elecci\u00f3n de este nombre un gesto simb\u00f3lico de custodia y continuidad del legado que ahora queda en manos de quien sucede a nuestro querido Papa Francisco.<\/strong><\/p>\n\n\n\n<ul class=\"wp-block-list\">\n<li>Cr\u00e9ditos de la foto: Vatican Media<\/li>\n<\/ul>\n","protected":false},"excerpt":{"rendered":"<p>El pont\u00edfice explic\u00f3 por qu\u00e9 eligi\u00f3 el nombre Le\u00f3n XIV, haciendo un paralelismo entre la revoluci\u00f3n industrial del siglo XIX y los desaf\u00edos actuales que plantea la inteligencia artificial.<\/p>\n","protected":false},"author":2,"featured_media":2803,"comment_status":"closed","ping_status":"closed","sticky":false,"template":"","format":"standard","meta":{"_uag_custom_page_level_css":"","_monsterinsights_skip_tracking":false,"_monsterinsights_sitenote_active":false,"_monsterinsights_sitenote_note":"","_monsterinsights_sitenote_category":0,"footnotes":""},"categories":[1,15],"tags":[],"class_list":["post-2802","post","type-post","status-publish","format-standard","has-post-thumbnail","hentry","category-blog","category-inteligencia-artificial"],"aioseo_notices":[],"uagb_featured_image_src":{"full":["https:\/\/sociedadesdigitales.org\/web\/wp-content\/uploads\/2025\/05\/Leon-XIV.webp",1200,675,false],"thumbnail":["https:\/\/sociedadesdigitales.org\/web\/wp-content\/uploads\/2025\/05\/Leon-XIV-150x150.webp",150,150,true],"medium":["https:\/\/sociedadesdigitales.org\/web\/wp-content\/uploads\/2025\/05\/Leon-XIV-300x169.webp",300,169,true],"medium_large":["https:\/\/sociedadesdigitales.org\/web\/wp-content\/uploads\/2025\/05\/Leon-XIV-768x432.webp",768,432,true],"large":["https:\/\/sociedadesdigitales.org\/web\/wp-content\/uploads\/2025\/05\/Leon-XIV-1024x576.webp",1024,576,true],"1536x1536":["https:\/\/sociedadesdigitales.org\/web\/wp-content\/uploads\/2025\/05\/Leon-XIV.webp",1200,675,false],"2048x2048":["https:\/\/sociedadesdigitales.org\/web\/wp-content\/uploads\/2025\/05\/Leon-XIV.webp",1200,675,false],"post-thumbnail":["https:\/\/sociedadesdigitales.org\/web\/wp-content\/uploads\/2025\/05\/Leon-XIV-672x378.webp",672,378,true],"kleo-full-width":["https:\/\/sociedadesdigitales.org\/web\/wp-content\/uploads\/2025\/05\/Leon-XIV-1038x584.webp",1038,584,true],"kleo-post-gallery":["https:\/\/sociedadesdigitales.org\/web\/wp-content\/uploads\/2025\/05\/Leon-XIV-480x270.webp",480,270,true],"kleo-post-grid":["https:\/\/sociedadesdigitales.org\/web\/wp-content\/uploads\/2025\/05\/Leon-XIV-480x270.webp",480,270,true],"kleo-post-small-thumb":["https:\/\/sociedadesdigitales.org\/web\/wp-content\/uploads\/2025\/05\/Leon-XIV-480x270.webp",480,270,true]},"uagb_author_info":{"display_name":"Fundaci\u00f3n Sociedades Digitales","author_link":"https:\/\/sociedadesdigitales.org\/web\/author\/admin\/"},"uagb_comment_info":0,"uagb_excerpt":"El pont\u00edfice explic\u00f3 por qu\u00e9 eligi\u00f3 el nombre Le\u00f3n XIV, haciendo un paralelismo entre la revoluci\u00f3n industrial del siglo XIX y los desaf\u00edos actuales que plantea la inteligencia artificial.","_links":{"self":[{"href":"https:\/\/sociedadesdigitales.org\/web\/wp-json\/wp\/v2\/posts\/2802","targetHints":{"allow":["GET"]}}],"collection":[{"href":"https:\/\/sociedadesdigitales.org\/web\/wp-json\/wp\/v2\/posts"}],"about":[{"href":"https:\/\/sociedadesdigitales.org\/web\/wp-json\/wp\/v2\/types\/post"}],"author":[{"embeddable":true,"href":"https:\/\/sociedadesdigitales.org\/web\/wp-json\/wp\/v2\/users\/2"}],"replies":[{"embeddable":true,"href":"https:\/\/sociedadesdigitales.org\/web\/wp-json\/wp\/v2\/comments?post=2802"}],"version-history":[{"count":7,"href":"https:\/\/sociedadesdigitales.org\/web\/wp-json\/wp\/v2\/posts\/2802\/revisions"}],"predecessor-version":[{"id":2812,"href":"https:\/\/sociedadesdigitales.org\/web\/wp-json\/wp\/v2\/posts\/2802\/revisions\/2812"}],"wp:featuredmedia":[{"embeddable":true,"href":"https:\/\/sociedadesdigitales.org\/web\/wp-json\/wp\/v2\/media\/2803"}],"wp:attachment":[{"href":"https:\/\/sociedadesdigitales.org\/web\/wp-json\/wp\/v2\/media?parent=2802"}],"wp:term":[{"taxonomy":"category","embeddable":true,"href":"https:\/\/sociedadesdigitales.org\/web\/wp-json\/wp\/v2\/categories?post=2802"},{"taxonomy":"post_tag","embeddable":true,"href":"https:\/\/sociedadesdigitales.org\/web\/wp-json\/wp\/v2\/tags?post=2802"}],"curies":[{"name":"wp","href":"https:\/\/api.w.org\/{rel}","templated":true}]}}