{"id":2676,"date":"2025-04-22T16:22:33","date_gmt":"2025-04-22T19:22:33","guid":{"rendered":"https:\/\/sociedadesdigitales.org\/web\/?p=2676"},"modified":"2025-04-22T16:24:35","modified_gmt":"2025-04-22T19:24:35","slug":"francisco-ningun-algoritmo-puede-decidir-sobre-la-vida-o-la-muerte-de-un-ser-humano","status":"publish","type":"post","link":"https:\/\/sociedadesdigitales.org\/web\/2025\/04\/22\/francisco-ningun-algoritmo-puede-decidir-sobre-la-vida-o-la-muerte-de-un-ser-humano\/","title":{"rendered":"Francisco: \u201cNing\u00fan algoritmo puede decidir sobre la vida o la muerte de un ser humano\u201d"},"content":{"rendered":"\n<p><em>El legado c\u00e1lido y humano del papa Francisco frente a la Inteligencia Artificial<\/em><\/p>\n\n\n\n<p>El lunes 21 de abril de 2025, el mundo despidi\u00f3 a Jorge Mario Bergoglio, el papa Francisco, a sus 88 a\u00f1os. Pero m\u00e1s all\u00e1 de su figura como l\u00edder de la Iglesia Cat\u00f3lica, su voz reson\u00f3 con fuerza en uno de los debates m\u00e1s complejos de nuestro tiempo: el avance vertiginoso de la inteligencia artificial y sus implicancias \u00e9ticas.<\/p>\n\n\n\n<p>En junio de 2024, en la cumbre del G7 celebrada en Italia, Francisco fue el \u00fanico l\u00edder religioso invitado a hablar ante los presidentes del mundo. All\u00ed dej\u00f3 una frase que ya forma parte de la historia: \u201cNing\u00fan algoritmo puede decidir sobre la vida o la muerte de un ser humano\u201d, en referencia al uso de la IA en operaciones militares y armamento aut\u00f3nomo.<\/p>\n\n\n\n<p>Ese mensaje no fue aislado. Desde el Vaticano, Francisco promovi\u00f3 espacios de di\u00e1logo interdisciplinario entre cient\u00edficos, fil\u00f3sofos, l\u00edderes pol\u00edticos y religiosos, que dieron origen al Rome Call for AI Ethics, una propuesta para guiar el desarrollo de la inteligencia artificial bajo principios de dignidad humana, justicia, transparencia y bien com\u00fan.<\/p>\n\n\n\n<p>Durante la Jornada Mundial de la Paz 2024, Francisco volvi\u00f3 a alzar su voz: \u201cCuando la tecnolog\u00eda avanza m\u00e1s r\u00e1pido que la \u00e9tica, el ser humano corre el riesgo de convertirse en un simple engranaje del sistema\u201d, alert\u00f3, preocupado por la concentraci\u00f3n de poder digital y lo que llam\u00f3 un nuevo \u201ccolonialismo tecnol\u00f3gico\u201d.<\/p>\n\n\n\n<p>Incluso en lo cotidiano supo advertir sobre los riesgos. Cuando en 2023 se viraliz\u00f3 una imagen suya generada por IA \u2014vistiendo un abrigo blanco de dise\u00f1ador\u2014, aprovech\u00f3 el hecho para recordar que vivimos tiempos donde la percepci\u00f3n puede ser manipulada con facilidad, y llam\u00f3 a fortalecer la educaci\u00f3n digital y la conciencia \u00e9tica.<\/p>\n\n\n\n<p>Su \u00faltima enc\u00edclica, Dilexit nos, publicada en octubre de 2024, fue una invitaci\u00f3n a \u201cvolver al coraz\u00f3n\u201d como forma de resistir la deshumanizaci\u00f3n algor\u00edtmica.<\/p>\n\n\n\n<p>Desde la Fundaci\u00f3n Sociedades Digitales promovemos el uso justo, humano y soberano de la tecnolog\u00eda, y por eso recordamos sus palabras como faro \u00e9tico en un mundo cada vez m\u00e1s automatizado. Su legado, profundo y sensible, nos invita a construir una inteligencia verdaderamente colectiva, donde la t\u00e9cnica est\u00e9 siempre al servicio de la humanidad.<\/p>\n\n\n\n<p><strong>Cr\u00e9dito de la foto: GETTY IMAGES \/ BBC<\/strong><\/p>\n","protected":false},"excerpt":{"rendered":"<p>El legado c\u00e1lido y humano del papa Francisco frente a la Inteligencia Artificial El lunes 21 de abril de 2025, el mundo despidi\u00f3 a Jorge Mario Bergoglio, el papa Francisco, a sus 88 a\u00f1os. Pero m\u00e1s all\u00e1 de su figura como l\u00edder de la Iglesia Cat\u00f3lica, su voz reson\u00f3 con fuerza en uno de los debates m\u00e1s complejos de nuestro [&hellip;]<\/p>\n","protected":false},"author":2,"featured_media":2677,"comment_status":"closed","ping_status":"closed","sticky":false,"template":"","format":"standard","meta":{"_uag_custom_page_level_css":"","_monsterinsights_skip_tracking":false,"_monsterinsights_sitenote_active":false,"_monsterinsights_sitenote_note":"","_monsterinsights_sitenote_category":0,"footnotes":""},"categories":[15],"tags":[],"class_list":["post-2676","post","type-post","status-publish","format-standard","has-post-thumbnail","hentry","category-inteligencia-artificial"],"aioseo_notices":[],"uagb_featured_image_src":{"full":["https:\/\/sociedadesdigitales.org\/web\/wp-content\/uploads\/2025\/04\/papa-francisco.jpg",640,360,false],"thumbnail":["https:\/\/sociedadesdigitales.org\/web\/wp-content\/uploads\/2025\/04\/papa-francisco-150x150.jpg",150,150,true],"medium":["https:\/\/sociedadesdigitales.org\/web\/wp-content\/uploads\/2025\/04\/papa-francisco-300x169.jpg",300,169,true],"medium_large":["https:\/\/sociedadesdigitales.org\/web\/wp-content\/uploads\/2025\/04\/papa-francisco.jpg",640,360,false],"large":["https:\/\/sociedadesdigitales.org\/web\/wp-content\/uploads\/2025\/04\/papa-francisco.jpg",640,360,false],"1536x1536":["https:\/\/sociedadesdigitales.org\/web\/wp-content\/uploads\/2025\/04\/papa-francisco.jpg",640,360,false],"2048x2048":["https:\/\/sociedadesdigitales.org\/web\/wp-content\/uploads\/2025\/04\/papa-francisco.jpg",640,360,false],"post-thumbnail":["https:\/\/sociedadesdigitales.org\/web\/wp-content\/uploads\/2025\/04\/papa-francisco.jpg",640,360,false],"kleo-full-width":["https:\/\/sociedadesdigitales.org\/web\/wp-content\/uploads\/2025\/04\/papa-francisco.jpg",640,360,false],"kleo-post-gallery":["https:\/\/sociedadesdigitales.org\/web\/wp-content\/uploads\/2025\/04\/papa-francisco-480x270.jpg",480,270,true],"kleo-post-grid":["https:\/\/sociedadesdigitales.org\/web\/wp-content\/uploads\/2025\/04\/papa-francisco-480x270.jpg",480,270,true],"kleo-post-small-thumb":["https:\/\/sociedadesdigitales.org\/web\/wp-content\/uploads\/2025\/04\/papa-francisco-480x270.jpg",480,270,true]},"uagb_author_info":{"display_name":"Fundaci\u00f3n Sociedades Digitales","author_link":"https:\/\/sociedadesdigitales.org\/web\/author\/admin\/"},"uagb_comment_info":0,"uagb_excerpt":"El legado c\u00e1lido y humano del papa Francisco frente a la Inteligencia Artificial El lunes 21 de abril de 2025, el mundo despidi\u00f3 a Jorge Mario Bergoglio, el papa Francisco, a sus 88 a\u00f1os. Pero m\u00e1s all\u00e1 de su figura como l\u00edder de la Iglesia Cat\u00f3lica, su voz reson\u00f3 con fuerza en uno de los&hellip;","_links":{"self":[{"href":"https:\/\/sociedadesdigitales.org\/web\/wp-json\/wp\/v2\/posts\/2676","targetHints":{"allow":["GET"]}}],"collection":[{"href":"https:\/\/sociedadesdigitales.org\/web\/wp-json\/wp\/v2\/posts"}],"about":[{"href":"https:\/\/sociedadesdigitales.org\/web\/wp-json\/wp\/v2\/types\/post"}],"author":[{"embeddable":true,"href":"https:\/\/sociedadesdigitales.org\/web\/wp-json\/wp\/v2\/users\/2"}],"replies":[{"embeddable":true,"href":"https:\/\/sociedadesdigitales.org\/web\/wp-json\/wp\/v2\/comments?post=2676"}],"version-history":[{"count":2,"href":"https:\/\/sociedadesdigitales.org\/web\/wp-json\/wp\/v2\/posts\/2676\/revisions"}],"predecessor-version":[{"id":2679,"href":"https:\/\/sociedadesdigitales.org\/web\/wp-json\/wp\/v2\/posts\/2676\/revisions\/2679"}],"wp:featuredmedia":[{"embeddable":true,"href":"https:\/\/sociedadesdigitales.org\/web\/wp-json\/wp\/v2\/media\/2677"}],"wp:attachment":[{"href":"https:\/\/sociedadesdigitales.org\/web\/wp-json\/wp\/v2\/media?parent=2676"}],"wp:term":[{"taxonomy":"category","embeddable":true,"href":"https:\/\/sociedadesdigitales.org\/web\/wp-json\/wp\/v2\/categories?post=2676"},{"taxonomy":"post_tag","embeddable":true,"href":"https:\/\/sociedadesdigitales.org\/web\/wp-json\/wp\/v2\/tags?post=2676"}],"curies":[{"name":"wp","href":"https:\/\/api.w.org\/{rel}","templated":true}]}}