{"id":2659,"date":"2025-04-03T09:46:03","date_gmt":"2025-04-03T12:46:03","guid":{"rendered":"https:\/\/sociedadesdigitales.org\/web\/?p=2659"},"modified":"2025-04-03T09:53:06","modified_gmt":"2025-04-03T12:53:06","slug":"participamos-en-wake-up-spain-2025","status":"publish","type":"post","link":"https:\/\/sociedadesdigitales.org\/web\/2025\/04\/03\/participamos-en-wake-up-spain-2025\/","title":{"rendered":"Participamos en Wake Up, Spain! 2025"},"content":{"rendered":"\n<p>La <strong>Fundaci\u00f3n Sociedades Digitales<\/strong> estuvo presente en la quinta edici\u00f3n del foro<a href=\"https:\/\/www.elespanol.com\/wakeupspain\/\" target=\"_blank\" rel=\"noopener\" title=\"\"> Wake Up Spain<\/a>. Acompa\u00f1amos el lanzamiento de Wake Up Box, una iniciativa que conectar\u00e1 ecosistemas digitales de Espa\u00f1a y Am\u00e9rica Latina desde Miami.<\/p>\n\n\n\n<p>\ud83c\udf10 <strong>Rosa Jim\u00e9nez Cano<\/strong>, delegada de Disruptores en Miami e integrante de nuestra Fundaci\u00f3n, tuvo un rol protag\u00f3nico en el lanzamiento: \u201cLa idea es actuar como puente entre empresas y profesionales de ambas regiones\u201d, expres\u00f3 durante el evento.<\/p>\n\n\n\n<p>Tambi\u00e9n particip\u00f3 <strong>Rafael Navarro<\/strong>, editor de Disruptores y parte del equipo que impulsa esta plataforma de innovaci\u00f3n iberoamericana.<\/p>\n\n\n\n<p>\ud83e\udd1d Representando a la Fundaci\u00f3n, <strong>Agostina Hern\u00e1ndez Bologna<\/strong>, delegada ante la UE, particip\u00f3 de las actividades del foro, fortaleciendo la presencia institucional en el debate internacional sobre transformaci\u00f3n digital.<\/p>\n\n\n\n<p>En 2024, Sebasti\u00e1n Lorenzo, presidente de la Fundaci\u00f3n, particip\u00f3 en Wake Up, Spain! y expuso en el panel de Educaci\u00f3n sobre la urgencia de integrar la inteligencia artificial en la Formaci\u00f3n Profesional, promoviendo el acceso equitativo y una perspectiva de g\u00e9nero en el \u00e1mbito tecnol\u00f3gico.<\/p>\n\n\n\n<p>\u00a1Seguimos construyendo un ecosistema digital en espa\u00f1ol, inclusivo, soberano y centrado en las personas!.<\/p>\n\n\n\n<figure class=\"wp-block-gallery has-nested-images columns-default is-cropped wp-block-gallery-1 is-layout-flex wp-block-gallery-is-layout-flex\">\n<figure class=\"wp-block-image size-large\"><img loading=\"lazy\" decoding=\"async\" width=\"1024\" height=\"1024\" data-id=\"2664\" src=\"https:\/\/sociedadesdigitales.org\/web\/wp-content\/uploads\/2025\/04\/2-1024x1024.jpeg\" alt=\"\" class=\"wp-image-2664\" srcset=\"https:\/\/sociedadesdigitales.org\/web\/wp-content\/uploads\/2025\/04\/2-1024x1024.jpeg 1024w, https:\/\/sociedadesdigitales.org\/web\/wp-content\/uploads\/2025\/04\/2-300x300.jpeg 300w, https:\/\/sociedadesdigitales.org\/web\/wp-content\/uploads\/2025\/04\/2-150x150.jpeg 150w, https:\/\/sociedadesdigitales.org\/web\/wp-content\/uploads\/2025\/04\/2-768x768.jpeg 768w, https:\/\/sociedadesdigitales.org\/web\/wp-content\/uploads\/2025\/04\/2-672x672.jpeg 672w, https:\/\/sociedadesdigitales.org\/web\/wp-content\/uploads\/2025\/04\/2-1038x1038.jpeg 1038w, https:\/\/sociedadesdigitales.org\/web\/wp-content\/uploads\/2025\/04\/2-480x480.jpeg 480w, https:\/\/sociedadesdigitales.org\/web\/wp-content\/uploads\/2025\/04\/2.jpeg 1536w\" sizes=\"auto, (max-width: 1024px) 100vw, 1024px\" \/><\/figure>\n\n\n\n<figure class=\"wp-block-image size-large\"><img loading=\"lazy\" decoding=\"async\" width=\"1024\" height=\"1024\" data-id=\"2666\" src=\"https:\/\/sociedadesdigitales.org\/web\/wp-content\/uploads\/2025\/04\/3-1024x1024.jpeg\" alt=\"\" class=\"wp-image-2666\" srcset=\"https:\/\/sociedadesdigitales.org\/web\/wp-content\/uploads\/2025\/04\/3-1024x1024.jpeg 1024w, https:\/\/sociedadesdigitales.org\/web\/wp-content\/uploads\/2025\/04\/3-300x300.jpeg 300w, https:\/\/sociedadesdigitales.org\/web\/wp-content\/uploads\/2025\/04\/3-150x150.jpeg 150w, https:\/\/sociedadesdigitales.org\/web\/wp-content\/uploads\/2025\/04\/3-768x768.jpeg 768w, https:\/\/sociedadesdigitales.org\/web\/wp-content\/uploads\/2025\/04\/3-672x672.jpeg 672w, https:\/\/sociedadesdigitales.org\/web\/wp-content\/uploads\/2025\/04\/3-1038x1038.jpeg 1038w, https:\/\/sociedadesdigitales.org\/web\/wp-content\/uploads\/2025\/04\/3-480x480.jpeg 480w, https:\/\/sociedadesdigitales.org\/web\/wp-content\/uploads\/2025\/04\/3.jpeg 1536w\" sizes=\"auto, (max-width: 1024px) 100vw, 1024px\" \/><\/figure>\n\n\n\n<figure class=\"wp-block-image size-large\"><img loading=\"lazy\" decoding=\"async\" width=\"894\" height=\"894\" data-id=\"2663\" src=\"https:\/\/sociedadesdigitales.org\/web\/wp-content\/uploads\/2025\/04\/6.jpeg\" alt=\"\" class=\"wp-image-2663\" srcset=\"https:\/\/sociedadesdigitales.org\/web\/wp-content\/uploads\/2025\/04\/6.jpeg 894w, https:\/\/sociedadesdigitales.org\/web\/wp-content\/uploads\/2025\/04\/6-300x300.jpeg 300w, https:\/\/sociedadesdigitales.org\/web\/wp-content\/uploads\/2025\/04\/6-150x150.jpeg 150w, https:\/\/sociedadesdigitales.org\/web\/wp-content\/uploads\/2025\/04\/6-768x768.jpeg 768w, https:\/\/sociedadesdigitales.org\/web\/wp-content\/uploads\/2025\/04\/6-672x672.jpeg 672w, https:\/\/sociedadesdigitales.org\/web\/wp-content\/uploads\/2025\/04\/6-480x480.jpeg 480w\" sizes=\"auto, (max-width: 894px) 100vw, 894px\" \/><\/figure>\n<\/figure>\n\n\n\n<p><\/p>\n","protected":false},"excerpt":{"rendered":"<p>La Fundaci\u00f3n Sociedades Digitales estuvo presente en la quinta edici\u00f3n del foro Wake Up Spain. Acompa\u00f1amos el lanzamiento de Wake Up Box, una iniciativa que conectar\u00e1 ecosistemas digitales de Espa\u00f1a y Am\u00e9rica Latina desde Miami. \ud83c\udf10 Rosa Jim\u00e9nez Cano, delegada de Disruptores en Miami e integrante de nuestra Fundaci\u00f3n, tuvo un rol protag\u00f3nico en el lanzamiento: \u201cLa idea es actuar [&hellip;]<\/p>\n","protected":false},"author":2,"featured_media":2660,"comment_status":"closed","ping_status":"closed","sticky":false,"template":"","format":"standard","meta":{"_uag_custom_page_level_css":"","_monsterinsights_skip_tracking":false,"_monsterinsights_sitenote_active":false,"_monsterinsights_sitenote_note":"","_monsterinsights_sitenote_category":0,"footnotes":""},"categories":[15],"tags":[],"class_list":["post-2659","post","type-post","status-publish","format-standard","has-post-thumbnail","hentry","category-inteligencia-artificial"],"aioseo_notices":[],"uagb_featured_image_src":{"full":["https:\/\/sociedadesdigitales.org\/web\/wp-content\/uploads\/2025\/04\/1.jpeg",1600,900,false],"thumbnail":["https:\/\/sociedadesdigitales.org\/web\/wp-content\/uploads\/2025\/04\/1-150x150.jpeg",150,150,true],"medium":["https:\/\/sociedadesdigitales.org\/web\/wp-content\/uploads\/2025\/04\/1-300x169.jpeg",300,169,true],"medium_large":["https:\/\/sociedadesdigitales.org\/web\/wp-content\/uploads\/2025\/04\/1-768x432.jpeg",768,432,true],"large":["https:\/\/sociedadesdigitales.org\/web\/wp-content\/uploads\/2025\/04\/1-1024x576.jpeg",1024,576,true],"1536x1536":["https:\/\/sociedadesdigitales.org\/web\/wp-content\/uploads\/2025\/04\/1-1536x864.jpeg",1536,864,true],"2048x2048":["https:\/\/sociedadesdigitales.org\/web\/wp-content\/uploads\/2025\/04\/1.jpeg",1600,900,false],"post-thumbnail":["https:\/\/sociedadesdigitales.org\/web\/wp-content\/uploads\/2025\/04\/1-672x378.jpeg",672,378,true],"kleo-full-width":["https:\/\/sociedadesdigitales.org\/web\/wp-content\/uploads\/2025\/04\/1-1038x584.jpeg",1038,584,true],"kleo-post-gallery":["https:\/\/sociedadesdigitales.org\/web\/wp-content\/uploads\/2025\/04\/1-480x270.jpeg",480,270,true],"kleo-post-grid":["https:\/\/sociedadesdigitales.org\/web\/wp-content\/uploads\/2025\/04\/1-480x270.jpeg",480,270,true],"kleo-post-small-thumb":["https:\/\/sociedadesdigitales.org\/web\/wp-content\/uploads\/2025\/04\/1-480x270.jpeg",480,270,true]},"uagb_author_info":{"display_name":"Fundaci\u00f3n Sociedades Digitales","author_link":"https:\/\/sociedadesdigitales.org\/web\/author\/admin\/"},"uagb_comment_info":0,"uagb_excerpt":"La Fundaci\u00f3n Sociedades Digitales estuvo presente en la quinta edici\u00f3n del foro Wake Up Spain. Acompa\u00f1amos el lanzamiento de Wake Up Box, una iniciativa que conectar\u00e1 ecosistemas digitales de Espa\u00f1a y Am\u00e9rica Latina desde Miami. \ud83c\udf10 Rosa Jim\u00e9nez Cano, delegada de Disruptores en Miami e integrante de nuestra Fundaci\u00f3n, tuvo un rol protag\u00f3nico en el&hellip;","_links":{"self":[{"href":"https:\/\/sociedadesdigitales.org\/web\/wp-json\/wp\/v2\/posts\/2659","targetHints":{"allow":["GET"]}}],"collection":[{"href":"https:\/\/sociedadesdigitales.org\/web\/wp-json\/wp\/v2\/posts"}],"about":[{"href":"https:\/\/sociedadesdigitales.org\/web\/wp-json\/wp\/v2\/types\/post"}],"author":[{"embeddable":true,"href":"https:\/\/sociedadesdigitales.org\/web\/wp-json\/wp\/v2\/users\/2"}],"replies":[{"embeddable":true,"href":"https:\/\/sociedadesdigitales.org\/web\/wp-json\/wp\/v2\/comments?post=2659"}],"version-history":[{"count":4,"href":"https:\/\/sociedadesdigitales.org\/web\/wp-json\/wp\/v2\/posts\/2659\/revisions"}],"predecessor-version":[{"id":2669,"href":"https:\/\/sociedadesdigitales.org\/web\/wp-json\/wp\/v2\/posts\/2659\/revisions\/2669"}],"wp:featuredmedia":[{"embeddable":true,"href":"https:\/\/sociedadesdigitales.org\/web\/wp-json\/wp\/v2\/media\/2660"}],"wp:attachment":[{"href":"https:\/\/sociedadesdigitales.org\/web\/wp-json\/wp\/v2\/media?parent=2659"}],"wp:term":[{"taxonomy":"category","embeddable":true,"href":"https:\/\/sociedadesdigitales.org\/web\/wp-json\/wp\/v2\/categories?post=2659"},{"taxonomy":"post_tag","embeddable":true,"href":"https:\/\/sociedadesdigitales.org\/web\/wp-json\/wp\/v2\/tags?post=2659"}],"curies":[{"name":"wp","href":"https:\/\/api.w.org\/{rel}","templated":true}]}}