{"id":2426,"date":"2024-07-10T18:10:50","date_gmt":"2024-07-10T21:10:50","guid":{"rendered":"https:\/\/sociedadesdigitales.org\/web\/?p=2426"},"modified":"2024-07-10T19:14:55","modified_gmt":"2024-07-10T22:14:55","slug":"sociedades-digitales-y-juslab-unen-fuerzas-para-innovar-en-el-ambito-judicial","status":"publish","type":"post","link":"https:\/\/sociedadesdigitales.org\/web\/2024\/07\/10\/sociedades-digitales-y-juslab-unen-fuerzas-para-innovar-en-el-ambito-judicial\/","title":{"rendered":"JusLab y Sociedades Digitales unen fuerzas para innovar en el \u00e1mbito judicial"},"content":{"rendered":"\n<p><\/p>\n\n\n\n<p>El <strong><a href=\"https:\/\/juslab.com.ar\/\" title=\"JusLab\">JusLab<\/a><\/strong> y la <strong>Fundaci\u00f3n Sociedades Digitales<\/strong> han firmado hoy <strong>un convenio<\/strong> de colaboraci\u00f3n destinado a trabajar juntos en materia de innovaci\u00f3n y capacitaci\u00f3n <strong>con enfoque en la Justicia<\/strong>. Este acuerdo permitir\u00e1 la implementaci\u00f3n de capacitaciones, cursos, asesoramiento t\u00e9cnico y diversas actividades orientadas a modernizar y optimizar los procesos judiciales.<\/p>\n\n\n\n<p>En tal sentido, <strong>Juslab <\/strong>ofrecer\u00e1 una serie de cursos, seminarios y servicios especializados que ser\u00e1n cruciales para el desarrollo de proyectos conjuntos. Por su parte la Fundaci\u00f3n proporcionar\u00e1 <strong>expertos en tecnolog\u00eda y desarrollo digital <\/strong>que trabajar\u00e1n, garantizando una comunicaci\u00f3n fluida y horizontal.<\/p>\n\n\n\n<figure class=\"wp-block-image size-large\"><img loading=\"lazy\" decoding=\"async\" width=\"1024\" height=\"263\" src=\"https:\/\/sociedadesdigitales.org\/web\/wp-content\/uploads\/2024\/07\/image-1-1024x263.png\" alt=\"\" class=\"wp-image-2431\" srcset=\"https:\/\/sociedadesdigitales.org\/web\/wp-content\/uploads\/2024\/07\/image-1-1024x263.png 1024w, https:\/\/sociedadesdigitales.org\/web\/wp-content\/uploads\/2024\/07\/image-1-300x77.png 300w, https:\/\/sociedadesdigitales.org\/web\/wp-content\/uploads\/2024\/07\/image-1-768x197.png 768w, https:\/\/sociedadesdigitales.org\/web\/wp-content\/uploads\/2024\/07\/image-1-672x173.png 672w, https:\/\/sociedadesdigitales.org\/web\/wp-content\/uploads\/2024\/07\/image-1-1038x266.png 1038w, https:\/\/sociedadesdigitales.org\/web\/wp-content\/uploads\/2024\/07\/image-1-480x123.png 480w, https:\/\/sociedadesdigitales.org\/web\/wp-content\/uploads\/2024\/07\/image-1.png 1266w\" sizes=\"auto, (max-width: 1024px) 100vw, 1024px\" \/><\/figure>\n\n\n\n<p>Esta colaboraci\u00f3n tambi\u00e9n facilitar\u00e1<strong> la creaci\u00f3n de una red de innovaci\u00f3n<\/strong>, donde ambas instituciones podr\u00e1n integrar sus conocimientos y experiencias para desarrollar tecnolog\u00edas avanzadas y soluciones innovadoras que sugieran <strong>mejoras para la eficiencia y transparencia del sistema judicial<\/strong>.<\/p>\n\n\n\n<p>El convenio fue firmado este 10 de julio en las instalaciones de la <strong>Junta Federal de Cortes y Superiores Tribunales de Justicia (JU.FE.JUS)<\/strong>, en la ciudad de Buenos Aires, Argentina. El <strong>Dr. Mario P\u00e9rez Talamonti<\/strong>, vicepresidente de la Fundaci\u00f3n Sociedades Digitales, y el<strong> <a href=\"https:\/\/sociedadesdigitales.org\/web\/mario-adaro\/\" title=\"Dr. Mario Daniel Adaro\">Dr. Mario Daniel Adaro<\/a><\/strong>, director de Juslab, fueron los firmantes del acuerdo.<\/p>\n\n\n\n<p>Ambos referentes coincidieron en que este <strong>acuerdo estrat\u00e9gico<\/strong> representar\u00e1 un avance significativo para el trabajo de las dos organizaciones.<\/p>\n\n\n\n<p>Sitio web de JusLab: <strong><a href=\"https:\/\/juslab.com.ar\/\" title=\"www.juslab.com.ar\">www.juslab.com.ar<\/a><\/strong><\/p>\n\n\n\n<p> <\/p>\n\n\n\n<p> <\/p>\n","protected":false},"excerpt":{"rendered":"<p>El JusLab y Fundaci\u00f3n Sociedades Digitales han firmado hoy un convenio de colaboraci\u00f3n destinado a trabajar juntos en materia de innovaci\u00f3n y capacitaci\u00f3n con enfoque en la Justicia. <\/p>\n","protected":false},"author":2,"featured_media":2430,"comment_status":"closed","ping_status":"open","sticky":false,"template":"","format":"standard","meta":{"_uag_custom_page_level_css":"","_monsterinsights_skip_tracking":false,"_monsterinsights_sitenote_active":false,"_monsterinsights_sitenote_note":"","_monsterinsights_sitenote_category":0,"footnotes":""},"categories":[15],"tags":[],"class_list":["post-2426","post","type-post","status-publish","format-standard","has-post-thumbnail","hentry","category-inteligencia-artificial"],"aioseo_notices":[],"uagb_featured_image_src":{"full":["https:\/\/sociedadesdigitales.org\/web\/wp-content\/uploads\/2024\/07\/WhatsApp-Image-2024-07-10-at-11.12.18.jpeg",1600,1200,false],"thumbnail":["https:\/\/sociedadesdigitales.org\/web\/wp-content\/uploads\/2024\/07\/WhatsApp-Image-2024-07-10-at-11.12.18-150x150.jpeg",150,150,true],"medium":["https:\/\/sociedadesdigitales.org\/web\/wp-content\/uploads\/2024\/07\/WhatsApp-Image-2024-07-10-at-11.12.18-300x225.jpeg",300,225,true],"medium_large":["https:\/\/sociedadesdigitales.org\/web\/wp-content\/uploads\/2024\/07\/WhatsApp-Image-2024-07-10-at-11.12.18-768x576.jpeg",768,576,true],"large":["https:\/\/sociedadesdigitales.org\/web\/wp-content\/uploads\/2024\/07\/WhatsApp-Image-2024-07-10-at-11.12.18-1024x768.jpeg",1024,768,true],"1536x1536":["https:\/\/sociedadesdigitales.org\/web\/wp-content\/uploads\/2024\/07\/WhatsApp-Image-2024-07-10-at-11.12.18-1536x1152.jpeg",1536,1152,true],"2048x2048":["https:\/\/sociedadesdigitales.org\/web\/wp-content\/uploads\/2024\/07\/WhatsApp-Image-2024-07-10-at-11.12.18.jpeg",1600,1200,false],"post-thumbnail":["https:\/\/sociedadesdigitales.org\/web\/wp-content\/uploads\/2024\/07\/WhatsApp-Image-2024-07-10-at-11.12.18-672x504.jpeg",672,504,true],"kleo-full-width":["https:\/\/sociedadesdigitales.org\/web\/wp-content\/uploads\/2024\/07\/WhatsApp-Image-2024-07-10-at-11.12.18-1038x779.jpeg",1038,779,true],"kleo-post-gallery":["https:\/\/sociedadesdigitales.org\/web\/wp-content\/uploads\/2024\/07\/WhatsApp-Image-2024-07-10-at-11.12.18-480x270.jpeg",480,270,true],"kleo-post-grid":["https:\/\/sociedadesdigitales.org\/web\/wp-content\/uploads\/2024\/07\/WhatsApp-Image-2024-07-10-at-11.12.18-480x360.jpeg",480,360,true],"kleo-post-small-thumb":["https:\/\/sociedadesdigitales.org\/web\/wp-content\/uploads\/2024\/07\/WhatsApp-Image-2024-07-10-at-11.12.18-480x270.jpeg",480,270,true]},"uagb_author_info":{"display_name":"Fundaci\u00f3n Sociedades Digitales","author_link":"https:\/\/sociedadesdigitales.org\/web\/author\/admin\/"},"uagb_comment_info":0,"uagb_excerpt":"El JusLab y Fundaci\u00f3n Sociedades Digitales han firmado hoy un convenio de colaboraci\u00f3n destinado a trabajar juntos en materia de innovaci\u00f3n y capacitaci\u00f3n con enfoque en la Justicia.","_links":{"self":[{"href":"https:\/\/sociedadesdigitales.org\/web\/wp-json\/wp\/v2\/posts\/2426","targetHints":{"allow":["GET"]}}],"collection":[{"href":"https:\/\/sociedadesdigitales.org\/web\/wp-json\/wp\/v2\/posts"}],"about":[{"href":"https:\/\/sociedadesdigitales.org\/web\/wp-json\/wp\/v2\/types\/post"}],"author":[{"embeddable":true,"href":"https:\/\/sociedadesdigitales.org\/web\/wp-json\/wp\/v2\/users\/2"}],"replies":[{"embeddable":true,"href":"https:\/\/sociedadesdigitales.org\/web\/wp-json\/wp\/v2\/comments?post=2426"}],"version-history":[{"count":6,"href":"https:\/\/sociedadesdigitales.org\/web\/wp-json\/wp\/v2\/posts\/2426\/revisions"}],"predecessor-version":[{"id":2440,"href":"https:\/\/sociedadesdigitales.org\/web\/wp-json\/wp\/v2\/posts\/2426\/revisions\/2440"}],"wp:featuredmedia":[{"embeddable":true,"href":"https:\/\/sociedadesdigitales.org\/web\/wp-json\/wp\/v2\/media\/2430"}],"wp:attachment":[{"href":"https:\/\/sociedadesdigitales.org\/web\/wp-json\/wp\/v2\/media?parent=2426"}],"wp:term":[{"taxonomy":"category","embeddable":true,"href":"https:\/\/sociedadesdigitales.org\/web\/wp-json\/wp\/v2\/categories?post=2426"},{"taxonomy":"post_tag","embeddable":true,"href":"https:\/\/sociedadesdigitales.org\/web\/wp-json\/wp\/v2\/tags?post=2426"}],"curies":[{"name":"wp","href":"https:\/\/api.w.org\/{rel}","templated":true}]}}