{"id":2332,"date":"2013-11-25T13:50:00","date_gmt":"2013-11-25T16:50:00","guid":{"rendered":"https:\/\/sociedadesdigitales.org\/web\/?p=2332"},"modified":"2024-07-31T16:42:47","modified_gmt":"2024-07-31T19:42:47","slug":"julian-assange","status":"publish","type":"post","link":"https:\/\/sociedadesdigitales.org\/web\/2013\/11\/25\/julian-assange\/","title":{"rendered":"Fundaci\u00f3n Sociedades Digitales junto a Julian Assange."},"content":{"rendered":"\n<h3 class=\"wp-block-heading\"><\/h3>\n\n\n\n<p><strong>Mar del Plata, 23 de noviembre de 2013<\/strong> &#8211; La <strong>Fundaci\u00f3n Sociedades Digitales<\/strong> coorganiz\u00f3 una videoconferencia con<strong> Julian Assange<\/strong>, en conjunto con el <strong>INCAA<\/strong> y <strong>Colectivos de Comunicaci\u00f3n Alternativa<\/strong>. El periodista australiano, que se conect\u00f3 desde la Embajada de Ecuador en Gran Breta\u00f1a, fue la figura central del panel de cierre del <strong>3\u00ba Encuentro de Comunicaci\u00f3n Audiovisual de Argentina<\/strong>. En representaci\u00f3n de nuestra organizaci\u00f3n particip\u00f3 del intercambio la compa\u00f1era <strong>Celina Silva<\/strong>.<\/p>\n\n\n\n<p><strong>Assange<\/strong> habl\u00f3 ante un auditorio colmado y durante su intervenci\u00f3n destac\u00f3 <strong>la importancia de combatir los monopolios <\/strong>medi\u00e1ticos y la ocupaci\u00f3n de Internet por potencias extranjeras. A su turno, <strong>Celina <\/strong>subray\u00f3 <strong>el compromiso de la Fundaci\u00f3n Sociedades Digitales con la libertad de informaci\u00f3n<\/strong> y la posici\u00f3n hist\u00f3rica que sostenemos en contra de la concentraci\u00f3n medi\u00e1tica local y global.<\/p>\n\n\n\n<figure class=\"wp-block-gallery has-nested-images columns-default is-cropped wp-block-gallery-1 is-layout-flex wp-block-gallery-is-layout-flex\">\n<figure class=\"wp-block-image size-large\"><img loading=\"lazy\" decoding=\"async\" width=\"934\" height=\"609\" data-id=\"2335\" src=\"https:\/\/sociedadesdigitales.org\/web\/wp-content\/uploads\/2024\/06\/assange2-1.jpg\" alt=\"\" class=\"wp-image-2335\" srcset=\"https:\/\/sociedadesdigitales.org\/web\/wp-content\/uploads\/2024\/06\/assange2-1.jpg 934w, https:\/\/sociedadesdigitales.org\/web\/wp-content\/uploads\/2024\/06\/assange2-1-300x196.jpg 300w, https:\/\/sociedadesdigitales.org\/web\/wp-content\/uploads\/2024\/06\/assange2-1-768x501.jpg 768w, https:\/\/sociedadesdigitales.org\/web\/wp-content\/uploads\/2024\/06\/assange2-1-672x438.jpg 672w, https:\/\/sociedadesdigitales.org\/web\/wp-content\/uploads\/2024\/06\/assange2-1-480x313.jpg 480w\" sizes=\"auto, (max-width: 934px) 100vw, 934px\" \/><\/figure>\n<\/figure>\n\n\n\n<p><strong>Citas destacadas de Julian Assange:<\/strong><\/p>\n\n\n\n<ol class=\"wp-block-list\">\n<li>\u00abLa lucha contra los monopolios de medios es la lucha de una naci\u00f3n porque un pa\u00eds es tan bueno como los medios de comunicaci\u00f3n que tiene\u00bb y destac\u00f3 que \u201cla Argentina luch\u00f3 mucho\u201d en ese sentido.<\/li>\n\n\n\n<li>\u00abUna organizaci\u00f3n de medios puede ser peor que alguna otra cosa.\u00bb<\/li>\n\n\n\n<li>\u00abInternet ha sido ocupada militarmente por Estados Unidos y sus aliados anglosajones, con el fin de dominar las sociedades, perdiendo la soberan\u00eda nacional y la libertad.\u00bb<\/li>\n\n\n\n<li>\u00abUna organizaci\u00f3n de medios es muchas veces la que domina el entorno de conocimientos del p\u00fablico, entonces esto puede implicar un gran problema.\u00bb<\/li>\n\n\n\n<li>\u00abLa calidad de una civilizaci\u00f3n local o nacional tiene que ver con la calidad de informaci\u00f3n que recibimos, y cuando es perturbada por medios o censurada por los gobiernos, la calidad de la civilizaci\u00f3n se pone en juego.\u00bb<\/li>\n<\/ol>\n\n\n\n<p>El evento cont\u00f3 con la presencia de diversas autoridades y personalidades destacadas, incluyendo al vicepresidente <strong>Amado Boudou<\/strong>, al titular del AFSCA <strong>Mart\u00edn Sabbatella<\/strong>, a la presidenta del INCAA <strong>Liliana Mazure<\/strong>, al titular de Radio y Televisi\u00f3n Argentina <strong>Trist\u00e1n Bauer<\/strong>, a los ministros de <strong>Educaci\u00f3n Alberto Sileoni<\/strong> y de Ciencia y Tecnolog\u00eda <strong>Lino Bara\u00f1ao<\/strong>, el periodista<strong> Pedro Brieger<\/strong>, <strong>Tom\u00e1s Aguerre<\/strong>, <strong>Alejandro \u00abEl Pitu\u00bb Salvatierra<\/strong> y <strong>Ekaterina Prudkin<\/strong> entre otros.<\/p>\n","protected":false},"excerpt":{"rendered":"<p>Mar del Plata, 23 de noviembre de 2013 &#8211; La Fundaci\u00f3n Sociedades Digitales coorganiz\u00f3 una videoconferencia con Julian Assange, en conjunto con el INCAA y Colectivos de Comunicaci\u00f3n Alternativa. El periodista australiano, que se conect\u00f3 desde la Embajada de Ecuador en Gran Breta\u00f1a, fue la figura central del panel de cierre del 3\u00ba Encuentro de Comunicaci\u00f3n Audiovisual de Argentina. En [&hellip;]<\/p>\n","protected":false},"author":2,"featured_media":2333,"comment_status":"closed","ping_status":"open","sticky":false,"template":"","format":"standard","meta":{"_uag_custom_page_level_css":"","_monsterinsights_skip_tracking":false,"_monsterinsights_sitenote_active":false,"_monsterinsights_sitenote_note":"","_monsterinsights_sitenote_category":0,"footnotes":""},"categories":[1],"tags":[],"class_list":["post-2332","post","type-post","status-publish","format-standard","has-post-thumbnail","hentry","category-blog"],"aioseo_notices":[],"uagb_featured_image_src":{"full":["https:\/\/sociedadesdigitales.org\/web\/wp-content\/uploads\/2024\/06\/assange.jpg",934,609,false],"thumbnail":["https:\/\/sociedadesdigitales.org\/web\/wp-content\/uploads\/2024\/06\/assange-150x150.jpg",150,150,true],"medium":["https:\/\/sociedadesdigitales.org\/web\/wp-content\/uploads\/2024\/06\/assange-300x196.jpg",300,196,true],"medium_large":["https:\/\/sociedadesdigitales.org\/web\/wp-content\/uploads\/2024\/06\/assange-768x501.jpg",768,501,true],"large":["https:\/\/sociedadesdigitales.org\/web\/wp-content\/uploads\/2024\/06\/assange.jpg",934,609,false],"1536x1536":["https:\/\/sociedadesdigitales.org\/web\/wp-content\/uploads\/2024\/06\/assange.jpg",934,609,false],"2048x2048":["https:\/\/sociedadesdigitales.org\/web\/wp-content\/uploads\/2024\/06\/assange.jpg",934,609,false],"post-thumbnail":["https:\/\/sociedadesdigitales.org\/web\/wp-content\/uploads\/2024\/06\/assange-672x438.jpg",672,438,true],"kleo-full-width":["https:\/\/sociedadesdigitales.org\/web\/wp-content\/uploads\/2024\/06\/assange.jpg",934,609,false],"kleo-post-gallery":["https:\/\/sociedadesdigitales.org\/web\/wp-content\/uploads\/2024\/06\/assange-480x270.jpg",480,270,true],"kleo-post-grid":["https:\/\/sociedadesdigitales.org\/web\/wp-content\/uploads\/2024\/06\/assange-480x313.jpg",480,313,true],"kleo-post-small-thumb":["https:\/\/sociedadesdigitales.org\/web\/wp-content\/uploads\/2024\/06\/assange-480x270.jpg",480,270,true]},"uagb_author_info":{"display_name":"Fundaci\u00f3n Sociedades Digitales","author_link":"https:\/\/sociedadesdigitales.org\/web\/author\/admin\/"},"uagb_comment_info":0,"uagb_excerpt":"Mar del Plata, 23 de noviembre de 2013 &#8211; La Fundaci\u00f3n Sociedades Digitales coorganiz\u00f3 una videoconferencia con Julian Assange, en conjunto con el INCAA y Colectivos de Comunicaci\u00f3n Alternativa. El periodista australiano, que se conect\u00f3 desde la Embajada de Ecuador en Gran Breta\u00f1a, fue la figura central del panel de cierre del 3\u00ba Encuentro de&hellip;","_links":{"self":[{"href":"https:\/\/sociedadesdigitales.org\/web\/wp-json\/wp\/v2\/posts\/2332","targetHints":{"allow":["GET"]}}],"collection":[{"href":"https:\/\/sociedadesdigitales.org\/web\/wp-json\/wp\/v2\/posts"}],"about":[{"href":"https:\/\/sociedadesdigitales.org\/web\/wp-json\/wp\/v2\/types\/post"}],"author":[{"embeddable":true,"href":"https:\/\/sociedadesdigitales.org\/web\/wp-json\/wp\/v2\/users\/2"}],"replies":[{"embeddable":true,"href":"https:\/\/sociedadesdigitales.org\/web\/wp-json\/wp\/v2\/comments?post=2332"}],"version-history":[{"count":3,"href":"https:\/\/sociedadesdigitales.org\/web\/wp-json\/wp\/v2\/posts\/2332\/revisions"}],"predecessor-version":[{"id":2339,"href":"https:\/\/sociedadesdigitales.org\/web\/wp-json\/wp\/v2\/posts\/2332\/revisions\/2339"}],"wp:featuredmedia":[{"embeddable":true,"href":"https:\/\/sociedadesdigitales.org\/web\/wp-json\/wp\/v2\/media\/2333"}],"wp:attachment":[{"href":"https:\/\/sociedadesdigitales.org\/web\/wp-json\/wp\/v2\/media?parent=2332"}],"wp:term":[{"taxonomy":"category","embeddable":true,"href":"https:\/\/sociedadesdigitales.org\/web\/wp-json\/wp\/v2\/categories?post=2332"},{"taxonomy":"post_tag","embeddable":true,"href":"https:\/\/sociedadesdigitales.org\/web\/wp-json\/wp\/v2\/tags?post=2332"}],"curies":[{"name":"wp","href":"https:\/\/api.w.org\/{rel}","templated":true}]}}