{"id":2316,"date":"2024-06-22T18:20:41","date_gmt":"2024-06-22T21:20:41","guid":{"rendered":"https:\/\/sociedadesdigitales.org\/web\/?p=2316"},"modified":"2024-07-09T16:03:28","modified_gmt":"2024-07-09T19:03:28","slug":"nuevo-proyecto-para-colaborar-en-la-preservacion-del-patrimonio-linguistico-iberoamericano","status":"publish","type":"post","link":"https:\/\/sociedadesdigitales.org\/web\/2024\/06\/22\/nuevo-proyecto-para-colaborar-en-la-preservacion-del-patrimonio-linguistico-iberoamericano\/","title":{"rendered":"Nuevo proyecto para colaborar en la preservaci\u00f3n del patrimonio ling\u00fc\u00edstico iberoamericano"},"content":{"rendered":"\n<p><\/p>\n\n\n\n<p>Nos complace anunciar que desde la <strong>Fundaci\u00f3n Sociedades Digitales<\/strong> hemos dise\u00f1ado una hoja de ruta hacia lo que ser\u00e1 nuestra <strong>I Cumbre Iberoamericana de Inteligencia Artificial<\/strong>. Un espacio abierto que pretende generar una <strong>carta compromiso<\/strong>, de forma colaborativa durante 60 d\u00edas, para que sea firmada en el evento internacional los d\u00edas <strong>27 y 28 de noviembre<\/strong>.<br> <br>El espa\u00f1ol y el portugu\u00e9s, junto con las otras lenguas de la regi\u00f3n, son hablados por <strong>m\u00e1s de 850 millones de personas<\/strong> en todo el mundo. Ante el avance de la IA generativa, surge la necesidad de <strong>proteger estas lenguas desde un enfoque \u00e9tico y humanista, al tiempo que pr\u00e1ctico y funcional<\/strong>. Este evento se integra en una serie de iniciativas que, desde<strong> hace 17 a\u00f1os,<\/strong> nuestra organizaci\u00f3n lleva a cabo para promover y preservar las culturas iberoamericanas, en un contexto de creciente influencia social impulsada por las tecnolog\u00edas digitales.<br> <br><strong>Todas y todos pueden participar de m\u00faltiples maneras<\/strong>. Para m\u00e1s informaci\u00f3n y actualizaciones pueden visitar nuestro sitio web oficial de la cumbre: <strong><a href=\"http:\/\/www.cumbreia.org\" title=\"www.cumbreia.org\">www.cumbreia.org<\/a><\/strong>.<\/p>\n\n\n\n<p><br> <br> <\/p>\n","protected":false},"excerpt":{"rendered":"<p>Nos complace anunciar que desde la Fundaci\u00f3n Sociedades Digitales hemos dise\u00f1ado una hoja de ruta hacia lo que ser\u00e1 nuestra I Cumbre Iberoamericana de Inteligencia Artificial. Un espacio abierto que pretende generar una carta compromiso, de forma colaborativa durante 60 d\u00edas, para que sea firmada en el evento internacional los d\u00edas 27 y 28 de noviembre. El espa\u00f1ol y el [&hellip;]<\/p>\n","protected":false},"author":2,"featured_media":2323,"comment_status":"closed","ping_status":"open","sticky":false,"template":"","format":"standard","meta":{"_uag_custom_page_level_css":"","_monsterinsights_skip_tracking":false,"_monsterinsights_sitenote_active":false,"_monsterinsights_sitenote_note":"","_monsterinsights_sitenote_category":0,"footnotes":""},"categories":[15],"tags":[],"class_list":["post-2316","post","type-post","status-publish","format-standard","has-post-thumbnail","hentry","category-inteligencia-artificial"],"aioseo_notices":[],"uagb_featured_image_src":{"full":["https:\/\/sociedadesdigitales.org\/web\/wp-content\/uploads\/2024\/06\/firma.jpg",1792,1024,false],"thumbnail":["https:\/\/sociedadesdigitales.org\/web\/wp-content\/uploads\/2024\/06\/firma-150x150.jpg",150,150,true],"medium":["https:\/\/sociedadesdigitales.org\/web\/wp-content\/uploads\/2024\/06\/firma-300x171.jpg",300,171,true],"medium_large":["https:\/\/sociedadesdigitales.org\/web\/wp-content\/uploads\/2024\/06\/firma-768x439.jpg",768,439,true],"large":["https:\/\/sociedadesdigitales.org\/web\/wp-content\/uploads\/2024\/06\/firma-1024x585.jpg",1024,585,true],"1536x1536":["https:\/\/sociedadesdigitales.org\/web\/wp-content\/uploads\/2024\/06\/firma-1536x878.jpg",1536,878,true],"2048x2048":["https:\/\/sociedadesdigitales.org\/web\/wp-content\/uploads\/2024\/06\/firma.jpg",1792,1024,false],"post-thumbnail":["https:\/\/sociedadesdigitales.org\/web\/wp-content\/uploads\/2024\/06\/firma-672x384.jpg",672,384,true],"kleo-full-width":["https:\/\/sociedadesdigitales.org\/web\/wp-content\/uploads\/2024\/06\/firma-1038x593.jpg",1038,593,true],"kleo-post-gallery":["https:\/\/sociedadesdigitales.org\/web\/wp-content\/uploads\/2024\/06\/firma-480x270.jpg",480,270,true],"kleo-post-grid":["https:\/\/sociedadesdigitales.org\/web\/wp-content\/uploads\/2024\/06\/firma-480x274.jpg",480,274,true],"kleo-post-small-thumb":["https:\/\/sociedadesdigitales.org\/web\/wp-content\/uploads\/2024\/06\/firma-480x270.jpg",480,270,true]},"uagb_author_info":{"display_name":"Fundaci\u00f3n Sociedades Digitales","author_link":"https:\/\/sociedadesdigitales.org\/web\/author\/admin\/"},"uagb_comment_info":0,"uagb_excerpt":"Nos complace anunciar que desde la Fundaci\u00f3n Sociedades Digitales hemos dise\u00f1ado una hoja de ruta hacia lo que ser\u00e1 nuestra I Cumbre Iberoamericana de Inteligencia Artificial. Un espacio abierto que pretende generar una carta compromiso, de forma colaborativa durante 60 d\u00edas, para que sea firmada en el evento internacional los d\u00edas 27 y 28 de&hellip;","_links":{"self":[{"href":"https:\/\/sociedadesdigitales.org\/web\/wp-json\/wp\/v2\/posts\/2316","targetHints":{"allow":["GET"]}}],"collection":[{"href":"https:\/\/sociedadesdigitales.org\/web\/wp-json\/wp\/v2\/posts"}],"about":[{"href":"https:\/\/sociedadesdigitales.org\/web\/wp-json\/wp\/v2\/types\/post"}],"author":[{"embeddable":true,"href":"https:\/\/sociedadesdigitales.org\/web\/wp-json\/wp\/v2\/users\/2"}],"replies":[{"embeddable":true,"href":"https:\/\/sociedadesdigitales.org\/web\/wp-json\/wp\/v2\/comments?post=2316"}],"version-history":[{"count":8,"href":"https:\/\/sociedadesdigitales.org\/web\/wp-json\/wp\/v2\/posts\/2316\/revisions"}],"predecessor-version":[{"id":2340,"href":"https:\/\/sociedadesdigitales.org\/web\/wp-json\/wp\/v2\/posts\/2316\/revisions\/2340"}],"wp:featuredmedia":[{"embeddable":true,"href":"https:\/\/sociedadesdigitales.org\/web\/wp-json\/wp\/v2\/media\/2323"}],"wp:attachment":[{"href":"https:\/\/sociedadesdigitales.org\/web\/wp-json\/wp\/v2\/media?parent=2316"}],"wp:term":[{"taxonomy":"category","embeddable":true,"href":"https:\/\/sociedadesdigitales.org\/web\/wp-json\/wp\/v2\/categories?post=2316"},{"taxonomy":"post_tag","embeddable":true,"href":"https:\/\/sociedadesdigitales.org\/web\/wp-json\/wp\/v2\/tags?post=2316"}],"curies":[{"name":"wp","href":"https:\/\/api.w.org\/{rel}","templated":true}]}}