{"id":2055,"date":"2024-04-15T22:28:09","date_gmt":"2024-04-16T01:28:09","guid":{"rendered":"https:\/\/sociedadesdigitales.org\/web\/?p=2055"},"modified":"2024-07-09T16:03:29","modified_gmt":"2024-07-09T19:03:29","slug":"la-inteligencia-artificial-y-la-musica-explorando-el-presente-tecnologico","status":"publish","type":"post","link":"https:\/\/sociedadesdigitales.org\/web\/2024\/04\/15\/la-inteligencia-artificial-y-la-musica-explorando-el-presente-tecnologico\/","title":{"rendered":"La Inteligencia Artificial y la M\u00fasica: Explorando el Presente Tecnol\u00f3gico"},"content":{"rendered":"\n<p>En l\u00ednea con nuestro compromiso de apoyar la educaci\u00f3n y la integraci\u00f3n de la tecnolog\u00eda digital en la sociedad, la Fundaci\u00f3n Sociedades Digitales se complace en sumarse a la difusi\u00f3n del evento \u00abM\u00fasica y Audio: \u00bfc\u00f3mo puedo usar la IA ahora mismo?\u00bb, organizado por la Direcci\u00f3n de M\u00fasica de la Ciudad y LAIA en Estudio Urbano.<\/p>\n\n\n\n<p>Este encuentro se celebrar\u00e1 el martes 23 de abril de 2024, de 19:00 a 20:30 hs en Curapalig\u00fce 585, CABA, y promete ser una ventana al mundo de la inteligencia artificial aplicada a la m\u00fasica, dirigido a aquellos interesados en c\u00f3mo esta tecnolog\u00eda puede simplificar y enriquecer la creaci\u00f3n musical.<\/p>\n\n\n\n<p>Nos enorgullece destacar que entre los distinguidos expositores estar\u00e1 el reconocido t\u00e9cnico de sonido Sergio Paoletti, quien adem\u00e1s de su labor educativa y de investigaci\u00f3n, es miembro activo de nuestra fundaci\u00f3n. Sergio, junto a Clarisa Vittoni y David Coronel, compartir\u00e1n su conocimiento sobre machine learning, modelos de IA y herramientas innovadoras que ya est\u00e1n transformando el campo de la m\u00fasica.<\/p>\n\n\n\n<p>Este es un evento ideal para m\u00fasicos, productores, t\u00e9cnicos de sonido y cualquier persona interesada en las aplicaciones pr\u00e1cticas de la inteligencia artificial en el \u00e1mbito creativo. Adem\u00e1s, servir\u00e1 para mostrar c\u00f3mo la colaboraci\u00f3n entre distintas entidades y expertos puede enriquecer nuestra comunidad.<\/p>\n\n\n\n<p>Te invitamos a ser parte de esta experiencia innovadora. Para m\u00e1s informaci\u00f3n e inscripciones, visita la p\u00e1gina de <a href=\"https:\/\/www.instagram.com\/estudiourbanoba\/?hl=es\">Estudio Urbano<\/a>. Recuerda que los cupos son limitados. \u00a1Asegura tu lugar!<\/p>\n\n\n\n<figure class=\"wp-block-image size-large\"><a href=\"https:\/\/www.instagram.com\/estudiourbanoba\/?hl=es\"><img loading=\"lazy\" decoding=\"async\" width=\"819\" height=\"1024\" src=\"https:\/\/sociedadesdigitales.org\/web\/wp-content\/uploads\/2024\/04\/IA-EN-LA-MUSICA-819x1024.jpeg\" alt=\"\" class=\"wp-image-2056\" srcset=\"https:\/\/sociedadesdigitales.org\/web\/wp-content\/uploads\/2024\/04\/IA-EN-LA-MUSICA-819x1024.jpeg 819w, https:\/\/sociedadesdigitales.org\/web\/wp-content\/uploads\/2024\/04\/IA-EN-LA-MUSICA-240x300.jpeg 240w, https:\/\/sociedadesdigitales.org\/web\/wp-content\/uploads\/2024\/04\/IA-EN-LA-MUSICA-768x960.jpeg 768w, https:\/\/sociedadesdigitales.org\/web\/wp-content\/uploads\/2024\/04\/IA-EN-LA-MUSICA-672x840.jpeg 672w, https:\/\/sociedadesdigitales.org\/web\/wp-content\/uploads\/2024\/04\/IA-EN-LA-MUSICA-1038x1298.jpeg 1038w, https:\/\/sociedadesdigitales.org\/web\/wp-content\/uploads\/2024\/04\/IA-EN-LA-MUSICA-480x600.jpeg 480w, https:\/\/sociedadesdigitales.org\/web\/wp-content\/uploads\/2024\/04\/IA-EN-LA-MUSICA.jpeg 1080w\" sizes=\"auto, (max-width: 819px) 100vw, 819px\" \/><\/a><\/figure>\n","protected":false},"excerpt":{"rendered":"<p>En l\u00ednea con nuestro compromiso de apoyar la educaci\u00f3n y la integraci\u00f3n de la tecnolog\u00eda digital en la sociedad, la Fundaci\u00f3n Sociedades Digitales se complace en sumarse a la difusi\u00f3n del evento \u00abM\u00fasica y Audio: \u00bfc\u00f3mo puedo usar la IA ahora mismo?\u00bb, organizado por la Direcci\u00f3n de M\u00fasica de la Ciudad y LAIA en Estudio Urbano. Este encuentro se celebrar\u00e1 [&hellip;]<\/p>\n","protected":false},"author":1,"featured_media":2057,"comment_status":"closed","ping_status":"open","sticky":false,"template":"","format":"standard","meta":{"_uag_custom_page_level_css":"","_monsterinsights_skip_tracking":false,"_monsterinsights_sitenote_active":false,"_monsterinsights_sitenote_note":"","_monsterinsights_sitenote_category":0,"footnotes":""},"categories":[15],"tags":[],"class_list":["post-2055","post","type-post","status-publish","format-standard","has-post-thumbnail","hentry","category-inteligencia-artificial"],"aioseo_notices":[],"uagb_featured_image_src":{"full":["https:\/\/sociedadesdigitales.org\/web\/wp-content\/uploads\/2024\/04\/como-puedo-usar-la-IA.jpeg",1080,1080,false],"thumbnail":["https:\/\/sociedadesdigitales.org\/web\/wp-content\/uploads\/2024\/04\/como-puedo-usar-la-IA-150x150.jpeg",150,150,true],"medium":["https:\/\/sociedadesdigitales.org\/web\/wp-content\/uploads\/2024\/04\/como-puedo-usar-la-IA-300x300.jpeg",300,300,true],"medium_large":["https:\/\/sociedadesdigitales.org\/web\/wp-content\/uploads\/2024\/04\/como-puedo-usar-la-IA-768x768.jpeg",768,768,true],"large":["https:\/\/sociedadesdigitales.org\/web\/wp-content\/uploads\/2024\/04\/como-puedo-usar-la-IA-1024x1024.jpeg",1024,1024,true],"1536x1536":["https:\/\/sociedadesdigitales.org\/web\/wp-content\/uploads\/2024\/04\/como-puedo-usar-la-IA.jpeg",1080,1080,false],"2048x2048":["https:\/\/sociedadesdigitales.org\/web\/wp-content\/uploads\/2024\/04\/como-puedo-usar-la-IA.jpeg",1080,1080,false],"post-thumbnail":["https:\/\/sociedadesdigitales.org\/web\/wp-content\/uploads\/2024\/04\/como-puedo-usar-la-IA-672x672.jpeg",672,672,true],"kleo-full-width":["https:\/\/sociedadesdigitales.org\/web\/wp-content\/uploads\/2024\/04\/como-puedo-usar-la-IA-1038x1038.jpeg",1038,1038,true],"kleo-post-gallery":["https:\/\/sociedadesdigitales.org\/web\/wp-content\/uploads\/2024\/04\/como-puedo-usar-la-IA-480x270.jpeg",480,270,true],"kleo-post-grid":["https:\/\/sociedadesdigitales.org\/web\/wp-content\/uploads\/2024\/04\/como-puedo-usar-la-IA-480x480.jpeg",480,480,true],"kleo-post-small-thumb":["https:\/\/sociedadesdigitales.org\/web\/wp-content\/uploads\/2024\/04\/como-puedo-usar-la-IA-480x270.jpeg",480,270,true]},"uagb_author_info":{"display_name":"Sociedades Digitales","author_link":"https:\/\/sociedadesdigitales.org\/web\/author\/sociedades-digitales\/"},"uagb_comment_info":0,"uagb_excerpt":"En l\u00ednea con nuestro compromiso de apoyar la educaci\u00f3n y la integraci\u00f3n de la tecnolog\u00eda digital en la sociedad, la Fundaci\u00f3n Sociedades Digitales se complace en sumarse a la difusi\u00f3n del evento \u00abM\u00fasica y Audio: \u00bfc\u00f3mo puedo usar la IA ahora mismo?\u00bb, organizado por la Direcci\u00f3n de M\u00fasica de la Ciudad y LAIA en Estudio&hellip;","_links":{"self":[{"href":"https:\/\/sociedadesdigitales.org\/web\/wp-json\/wp\/v2\/posts\/2055","targetHints":{"allow":["GET"]}}],"collection":[{"href":"https:\/\/sociedadesdigitales.org\/web\/wp-json\/wp\/v2\/posts"}],"about":[{"href":"https:\/\/sociedadesdigitales.org\/web\/wp-json\/wp\/v2\/types\/post"}],"author":[{"embeddable":true,"href":"https:\/\/sociedadesdigitales.org\/web\/wp-json\/wp\/v2\/users\/1"}],"replies":[{"embeddable":true,"href":"https:\/\/sociedadesdigitales.org\/web\/wp-json\/wp\/v2\/comments?post=2055"}],"version-history":[{"count":1,"href":"https:\/\/sociedadesdigitales.org\/web\/wp-json\/wp\/v2\/posts\/2055\/revisions"}],"predecessor-version":[{"id":2058,"href":"https:\/\/sociedadesdigitales.org\/web\/wp-json\/wp\/v2\/posts\/2055\/revisions\/2058"}],"wp:featuredmedia":[{"embeddable":true,"href":"https:\/\/sociedadesdigitales.org\/web\/wp-json\/wp\/v2\/media\/2057"}],"wp:attachment":[{"href":"https:\/\/sociedadesdigitales.org\/web\/wp-json\/wp\/v2\/media?parent=2055"}],"wp:term":[{"taxonomy":"category","embeddable":true,"href":"https:\/\/sociedadesdigitales.org\/web\/wp-json\/wp\/v2\/categories?post=2055"},{"taxonomy":"post_tag","embeddable":true,"href":"https:\/\/sociedadesdigitales.org\/web\/wp-json\/wp\/v2\/tags?post=2055"}],"curies":[{"name":"wp","href":"https:\/\/api.w.org\/{rel}","templated":true}]}}