{"id":2023,"date":"2024-04-15T20:24:15","date_gmt":"2024-04-15T23:24:15","guid":{"rendered":"https:\/\/sociedadesdigitales.org\/web\/?p=2023"},"modified":"2024-07-09T16:06:15","modified_gmt":"2024-07-09T19:06:15","slug":"la-fundacion-sociedades-digitales-se-destaca-en-el-davos-de-espana","status":"publish","type":"post","link":"https:\/\/sociedadesdigitales.org\/web\/2024\/04\/15\/la-fundacion-sociedades-digitales-se-destaca-en-el-davos-de-espana\/","title":{"rendered":"La Fundaci\u00f3n Sociedades Digitales se destaca en el \u00abDavos de Espa\u00f1a\u00bb"},"content":{"rendered":"\n<p>El evento \u00abWake Up, Spain! 2024\u00ab, conocido como el \u2018Davos de Espa\u00f1a\u2018, se posiciona una vez m\u00e1s como el centro del debate y la reflexi\u00f3n sobre el futuro de Espa\u00f1a. Y este a\u00f1o la Fundaci\u00f3n Sociedades Digitales formar\u00e1 parte de su agenda como \u00fanico espacio representando a Argentina. El evento ser\u00e1 inaugurado por el Rey Felipe VI.<\/p>\n\n\n\n<p>El foro atrae a personalidades influyentes de diversos sectores, incluyendo a Felipe VI, quien ser\u00e1 el encargado del acto de inauguraci\u00f3n. Tambi\u00e9n contar\u00e1 con la presencia de la vicepresidenta segunda del Gobierno y ministra de Trabajo y Econom\u00eda Social de Espa\u00f1a, Yolanda D\u00edaz, junto a un elenco de l\u00edderes nacionales e internacionales que abordar\u00e1n temas cruciales como la econom\u00eda, la tecnolog\u00eda y la innovaci\u00f3n.<\/p>\n\n\n\n<figure class=\"wp-block-image size-full\"><img loading=\"lazy\" decoding=\"async\" width=\"640\" height=\"360\" src=\"https:\/\/sociedadesdigitales.org\/web\/wp-content\/uploads\/2024\/04\/846676298_241409690_640x360.png\" alt=\"\" class=\"wp-image-2025\" srcset=\"https:\/\/sociedadesdigitales.org\/web\/wp-content\/uploads\/2024\/04\/846676298_241409690_640x360.png 640w, https:\/\/sociedadesdigitales.org\/web\/wp-content\/uploads\/2024\/04\/846676298_241409690_640x360-300x169.png 300w, https:\/\/sociedadesdigitales.org\/web\/wp-content\/uploads\/2024\/04\/846676298_241409690_640x360-480x270.png 480w\" sizes=\"auto, (max-width: 640px) 100vw, 640px\" \/><\/figure>\n\n\n\n<p>\u00abWake Up, Spain!\u00bb se destaca por su capacidad de reunir a voces autorizadas que delinean el futuro de la naci\u00f3n y del continente. El evento surgi\u00f3 como una plataforma \u00fanica para el an\u00e1lisis y la discusi\u00f3n de estrategias que moldear\u00e1n las pr\u00f3ximas d\u00e9cadas en un ambiente de colaboraci\u00f3n y visi\u00f3n compartida.<\/p>\n\n\n\n<p>Los principales disertantes y el rol de la Fundaci\u00f3n Sociedades Digitales<br>Entre los principales disertantes estar\u00e1n el presidente de Telef\u00f3nica, Jos\u00e9 Mar\u00eda \u00c1lvarez-Pallete; la presidenta del Santander, Ana Bot\u00edn; el presidente del BBVA, Carlos Torres; el presidente de CaixaBank, Jos\u00e9 Ignacio Goirigolzarri o los CEO de Repsol y Naturgy, Josu Jon Imaz y Francisco Reyn\u00e9s, respectivamente.<\/p>\n\n\n\n<p>Tambi\u00e9n estar\u00e1n presentes la presidenta no ejecutiva de Bankinter, Mar\u00eda Dolores Dancausa; el presidente ejecutivo de Iberdrola, Ignacio Gal\u00e1n; el CEO de Endesa, Jos\u00e9 Bogas; el CEO de Mapfre, Antonio Huertas; el presidente de Mutua Madrile\u00f1a, Ignacio Garralda; el CEO de Inditex, \u00d3scar Garc\u00eda Maceiras; el director ejecutivo de International Airlines Group (IAG) Luis Gallego y el CEO de CriteriaCaixa y el grupo Agbar, \u00c1ngel Sim\u00f3n.<\/p>\n\n\n\n<p>El evento cuenta con la Fundaci\u00f3n Sociedades Digitales, que llevar\u00e1 la voz de Argentina al debate europeo. Representada por Sebasti\u00e1n Lorenzo, su presidente, la fundaci\u00f3n aportar\u00e1 su perspectiva valiosa sobre el impacto y las oportunidades de la inteligencia artificial, especialmente en el contexto del uso del espa\u00f1ol. Esta inclusi\u00f3n subraya la importancia de la diversidad y la colaboraci\u00f3n transatl\u00e1ntica, destacando el papel de la fundaci\u00f3n en promover el di\u00e1logo y el entendimiento en la era digital.<\/p>\n\n\n\n<p>La presencia de la Fundaci\u00f3n Sociedades Digitales en un evento de la magnitud de \u00abWake Up, Spain!\u00bb no solo es un reconocimiento a su trabajo y misi\u00f3n, sino que tambi\u00e9n enfatiza la interconexi\u00f3n global y la necesidad de una visi\u00f3n conjunta para enfrentar los desaf\u00edos del ma\u00f1ana. Es muy importante contar con presencia argentina en un foro de trascendencia hist\u00f3rica.<\/p>\n\n\n\n<p>Fuente: <a href=\"https:\/\/www.noticiasd.com\/secciones\/tendencias\/la-fundacion-sociedades-digitales-se-destaca-en-el-davos-de-espana\/\">Noticias D<\/a><\/p>\n","protected":false},"excerpt":{"rendered":"<p>El evento \u00abWake Up, Spain! 2024\u00ab, conocido como el \u2018Davos de Espa\u00f1a\u2018, se posiciona una vez m\u00e1s como el centro del debate y la reflexi\u00f3n sobre el futuro de Espa\u00f1a. Y este a\u00f1o la Fundaci\u00f3n Sociedades Digitales formar\u00e1 parte de su agenda como \u00fanico espacio representando a Argentina. El evento ser\u00e1 inaugurado por el Rey Felipe VI. El foro atrae [&hellip;]<\/p>\n","protected":false},"author":1,"featured_media":2024,"comment_status":"closed","ping_status":"open","sticky":false,"template":"","format":"standard","meta":{"_uag_custom_page_level_css":"","_monsterinsights_skip_tracking":false,"_monsterinsights_sitenote_active":false,"_monsterinsights_sitenote_note":"","_monsterinsights_sitenote_category":0,"footnotes":""},"categories":[15],"tags":[20,57,56],"class_list":["post-2023","post","type-post","status-publish","format-standard","has-post-thumbnail","hentry","category-inteligencia-artificial","tag-algoritmos","tag-epana","tag-wake-up"],"aioseo_notices":[],"uagb_featured_image_src":{"full":["https:\/\/sociedadesdigitales.org\/web\/wp-content\/uploads\/2024\/04\/846676296_241409658_1706x960-1024x576-1.png",1024,576,false],"thumbnail":["https:\/\/sociedadesdigitales.org\/web\/wp-content\/uploads\/2024\/04\/846676296_241409658_1706x960-1024x576-1-150x150.png",150,150,true],"medium":["https:\/\/sociedadesdigitales.org\/web\/wp-content\/uploads\/2024\/04\/846676296_241409658_1706x960-1024x576-1-300x169.png",300,169,true],"medium_large":["https:\/\/sociedadesdigitales.org\/web\/wp-content\/uploads\/2024\/04\/846676296_241409658_1706x960-1024x576-1-768x432.png",768,432,true],"large":["https:\/\/sociedadesdigitales.org\/web\/wp-content\/uploads\/2024\/04\/846676296_241409658_1706x960-1024x576-1.png",1024,576,false],"1536x1536":["https:\/\/sociedadesdigitales.org\/web\/wp-content\/uploads\/2024\/04\/846676296_241409658_1706x960-1024x576-1.png",1024,576,false],"2048x2048":["https:\/\/sociedadesdigitales.org\/web\/wp-content\/uploads\/2024\/04\/846676296_241409658_1706x960-1024x576-1.png",1024,576,false],"post-thumbnail":["https:\/\/sociedadesdigitales.org\/web\/wp-content\/uploads\/2024\/04\/846676296_241409658_1706x960-1024x576-1-672x378.png",672,378,true],"kleo-full-width":["https:\/\/sociedadesdigitales.org\/web\/wp-content\/uploads\/2024\/04\/846676296_241409658_1706x960-1024x576-1.png",1024,576,false],"kleo-post-gallery":["https:\/\/sociedadesdigitales.org\/web\/wp-content\/uploads\/2024\/04\/846676296_241409658_1706x960-1024x576-1-480x270.png",480,270,true],"kleo-post-grid":["https:\/\/sociedadesdigitales.org\/web\/wp-content\/uploads\/2024\/04\/846676296_241409658_1706x960-1024x576-1-480x270.png",480,270,true],"kleo-post-small-thumb":["https:\/\/sociedadesdigitales.org\/web\/wp-content\/uploads\/2024\/04\/846676296_241409658_1706x960-1024x576-1-480x270.png",480,270,true]},"uagb_author_info":{"display_name":"Sociedades Digitales","author_link":"https:\/\/sociedadesdigitales.org\/web\/author\/sociedades-digitales\/"},"uagb_comment_info":0,"uagb_excerpt":"El evento \u00abWake Up, Spain! 2024\u00ab, conocido como el \u2018Davos de Espa\u00f1a\u2018, se posiciona una vez m\u00e1s como el centro del debate y la reflexi\u00f3n sobre el futuro de Espa\u00f1a. Y este a\u00f1o la Fundaci\u00f3n Sociedades Digitales formar\u00e1 parte de su agenda como \u00fanico espacio representando a Argentina. El evento ser\u00e1 inaugurado por el Rey&hellip;","_links":{"self":[{"href":"https:\/\/sociedadesdigitales.org\/web\/wp-json\/wp\/v2\/posts\/2023","targetHints":{"allow":["GET"]}}],"collection":[{"href":"https:\/\/sociedadesdigitales.org\/web\/wp-json\/wp\/v2\/posts"}],"about":[{"href":"https:\/\/sociedadesdigitales.org\/web\/wp-json\/wp\/v2\/types\/post"}],"author":[{"embeddable":true,"href":"https:\/\/sociedadesdigitales.org\/web\/wp-json\/wp\/v2\/users\/1"}],"replies":[{"embeddable":true,"href":"https:\/\/sociedadesdigitales.org\/web\/wp-json\/wp\/v2\/comments?post=2023"}],"version-history":[{"count":1,"href":"https:\/\/sociedadesdigitales.org\/web\/wp-json\/wp\/v2\/posts\/2023\/revisions"}],"predecessor-version":[{"id":2026,"href":"https:\/\/sociedadesdigitales.org\/web\/wp-json\/wp\/v2\/posts\/2023\/revisions\/2026"}],"wp:featuredmedia":[{"embeddable":true,"href":"https:\/\/sociedadesdigitales.org\/web\/wp-json\/wp\/v2\/media\/2024"}],"wp:attachment":[{"href":"https:\/\/sociedadesdigitales.org\/web\/wp-json\/wp\/v2\/media?parent=2023"}],"wp:term":[{"taxonomy":"category","embeddable":true,"href":"https:\/\/sociedadesdigitales.org\/web\/wp-json\/wp\/v2\/categories?post=2023"},{"taxonomy":"post_tag","embeddable":true,"href":"https:\/\/sociedadesdigitales.org\/web\/wp-json\/wp\/v2\/tags?post=2023"}],"curies":[{"name":"wp","href":"https:\/\/api.w.org\/{rel}","templated":true}]}}