{"id":1654,"date":"2022-07-11T20:09:51","date_gmt":"2022-07-11T23:09:51","guid":{"rendered":"https:\/\/sociedadesdigitales.org\/web\/?p=522"},"modified":"2024-07-31T16:42:24","modified_gmt":"2024-07-31T19:42:24","slug":"entrevistas-cuando-nos-gobernaran-los-algoritmos","status":"publish","type":"post","link":"https:\/\/sociedadesdigitales.org\/web\/2022\/07\/11\/entrevistas-cuando-nos-gobernaran-los-algoritmos\/","title":{"rendered":"Carme  Artigas: \u00abTenemos una gran oportunidad de crear un industria de inteligencia artificial en lengua espa\u00f1ola\u00bb"},"content":{"rendered":"\n<p>La Secretaria de Estado de Digitalizaci\u00f3n e Inteligencia Artificial del Gobierno de Espa\u00f1a, <a href=\"https:\/\/twitter.com\/carmeartigas\" target=\"_blank\" rel=\"noreferrer noopener\">Carme Artigas<\/a>, dialog\u00f3 con la <strong>Fundaci\u00f3n Sociedades Digitales<\/strong> luego de la <a href=\"https:\/\/www.youtube.com\/watch?v=5dNY7vchqjw\" target=\"_blank\" rel=\"noreferrer noopener\">jornada que organizamos en Madrid con el PSOE<\/a>. <br>Artigas nos cont\u00f3 su mirada sobre la <strong>Econom\u00eda de la Lengua <\/strong>y resalt\u00f3 el potencial que tiene el mundo hispanohablante en esta materia. <strong>\u00abTenemos una gran oportunidad de crear una industria artificial en lengua espa\u00f1ola\u00bb<\/strong> afirm\u00f3. <\/p>\n\n\n\n<figure class=\"wp-block-pullquote\"><blockquote><p>Los datos son de los ciudadanos y nosotros somos responsables de su gobernanza.<\/p><cite>Carme Artigas<\/cite><\/blockquote><\/figure>\n\n\n\n<p>Adem\u00e1s detall\u00f3 que el <strong>Proyecto Estrat\u00e9gico para la Recuperaci\u00f3n y Transformaci\u00f3n Econ\u00f3mica<\/strong> (PERTE) cuenta con un presupuesto de m\u00e1s de mil cien millones de euros que ser\u00e1 destino a financiar la lengua como herramienta econ\u00f3mica para Espa\u00f1a y Latinoam\u00e9rica.<\/p>\n\n\n\n<p>En cuanto al desarrollo tecnol\u00f3gico propuso <strong>\u00abuna visi\u00f3n m\u00e1s humanista, basada en nuestros principios y valores\u00bb<\/strong>, en contraposici\u00f3n con la visi\u00f3n anglosajona y asi\u00e1tica. <strong>\u00abLos datos son de los ciudadanos y nosotros somos responsables de su gobernanza\u00bb<\/strong>, concluy\u00f3.<\/p>\n\n\n\n<p><br>Mir\u00e1 la entrevista completa que realizamos en MADRID. <\/p>\n\n\n\n<figure class=\"wp-block-video\"><video height=\"640\" style=\"aspect-ratio: 352 \/ 640;\" width=\"352\" controls src=\"https:\/\/sociedadesdigitales.org\/web\/wp-content\/uploads\/2022\/07\/IMG_3411.mp4\"><\/video><\/figure>\n","protected":false},"excerpt":{"rendered":"<p>La Secretaria de Estado de Digitalizaci\u00f3n e Inteligencia Artificial del Gobierno de Espa\u00f1a, Carme Artigas, dialog\u00f3 con la Fundaci\u00f3n Sociedades Digitales luego de la jornada que organizamos en Madrid con el PSOE. Artigas nos cont\u00f3 su mirada sobre la Econom\u00eda de la Lengua y resalt\u00f3 el potencial que tiene el mundo hispanohablante en esta materia. \u00abTenemos una gran oportunidad de [&hellip;]<\/p>\n","protected":false},"author":1,"featured_media":541,"comment_status":"open","ping_status":"open","sticky":false,"template":"","format":"standard","meta":{"_uag_custom_page_level_css":"","_monsterinsights_skip_tracking":false,"_monsterinsights_sitenote_active":false,"_monsterinsights_sitenote_note":"","_monsterinsights_sitenote_category":0,"footnotes":""},"categories":[1],"tags":[20,24,36,38,40,41,43,47,49],"class_list":["post-1654","post","type-post","status-publish","format-standard","has-post-thumbnail","hentry","category-blog","tag-algoritmos","tag-comunicacion","tag-inteligencia-artificial","tag-madrid","tag-politica","tag-redes-sociales","tag-sd2022","tag-tecnopolitica","tag-transformacion-publica"],"aioseo_notices":[],"uagb_featured_image_src":{"full":["https:\/\/sociedadesdigitales.org\/web\/wp-content\/uploads\/2022\/07\/Carme-artigas.jpeg",1200,900,false],"thumbnail":["https:\/\/sociedadesdigitales.org\/web\/wp-content\/uploads\/2022\/07\/Carme-artigas-150x150.jpeg",150,150,true],"medium":["https:\/\/sociedadesdigitales.org\/web\/wp-content\/uploads\/2022\/07\/Carme-artigas-300x225.jpeg",300,225,true],"medium_large":["https:\/\/sociedadesdigitales.org\/web\/wp-content\/uploads\/2022\/07\/Carme-artigas-768x576.jpeg",768,576,true],"large":["https:\/\/sociedadesdigitales.org\/web\/wp-content\/uploads\/2022\/07\/Carme-artigas-1024x768.jpeg",1024,768,true],"1536x1536":["https:\/\/sociedadesdigitales.org\/web\/wp-content\/uploads\/2022\/07\/Carme-artigas.jpeg",1200,900,false],"2048x2048":["https:\/\/sociedadesdigitales.org\/web\/wp-content\/uploads\/2022\/07\/Carme-artigas.jpeg",1200,900,false],"post-thumbnail":["https:\/\/sociedadesdigitales.org\/web\/wp-content\/uploads\/2022\/07\/Carme-artigas-672x504.jpeg",672,504,true],"kleo-full-width":["https:\/\/sociedadesdigitales.org\/web\/wp-content\/uploads\/2022\/07\/Carme-artigas-1038x779.jpeg",1038,779,true],"kleo-post-gallery":["https:\/\/sociedadesdigitales.org\/web\/wp-content\/uploads\/2022\/07\/Carme-artigas-480x270.jpeg",480,270,true],"kleo-post-grid":["https:\/\/sociedadesdigitales.org\/web\/wp-content\/uploads\/2022\/07\/Carme-artigas-480x360.jpeg",480,360,true],"kleo-post-small-thumb":["https:\/\/sociedadesdigitales.org\/web\/wp-content\/uploads\/2022\/07\/Carme-artigas-480x270.jpeg",480,270,true]},"uagb_author_info":{"display_name":"Sociedades Digitales","author_link":"https:\/\/sociedadesdigitales.org\/web\/author\/sociedades-digitales\/"},"uagb_comment_info":1,"uagb_excerpt":"La Secretaria de Estado de Digitalizaci\u00f3n e Inteligencia Artificial del Gobierno de Espa\u00f1a, Carme Artigas, dialog\u00f3 con la Fundaci\u00f3n Sociedades Digitales luego de la jornada que organizamos en Madrid con el PSOE. Artigas nos cont\u00f3 su mirada sobre la Econom\u00eda de la Lengua y resalt\u00f3 el potencial que tiene el mundo hispanohablante en esta materia.&hellip;","_links":{"self":[{"href":"https:\/\/sociedadesdigitales.org\/web\/wp-json\/wp\/v2\/posts\/1654","targetHints":{"allow":["GET"]}}],"collection":[{"href":"https:\/\/sociedadesdigitales.org\/web\/wp-json\/wp\/v2\/posts"}],"about":[{"href":"https:\/\/sociedadesdigitales.org\/web\/wp-json\/wp\/v2\/types\/post"}],"author":[{"embeddable":true,"href":"https:\/\/sociedadesdigitales.org\/web\/wp-json\/wp\/v2\/users\/1"}],"replies":[{"embeddable":true,"href":"https:\/\/sociedadesdigitales.org\/web\/wp-json\/wp\/v2\/comments?post=1654"}],"version-history":[{"count":1,"href":"https:\/\/sociedadesdigitales.org\/web\/wp-json\/wp\/v2\/posts\/1654\/revisions"}],"predecessor-version":[{"id":2405,"href":"https:\/\/sociedadesdigitales.org\/web\/wp-json\/wp\/v2\/posts\/1654\/revisions\/2405"}],"wp:featuredmedia":[{"embeddable":true,"href":"https:\/\/sociedadesdigitales.org\/web\/wp-json\/wp\/v2\/media\/541"}],"wp:attachment":[{"href":"https:\/\/sociedadesdigitales.org\/web\/wp-json\/wp\/v2\/media?parent=1654"}],"wp:term":[{"taxonomy":"category","embeddable":true,"href":"https:\/\/sociedadesdigitales.org\/web\/wp-json\/wp\/v2\/categories?post=1654"},{"taxonomy":"post_tag","embeddable":true,"href":"https:\/\/sociedadesdigitales.org\/web\/wp-json\/wp\/v2\/tags?post=1654"}],"curies":[{"name":"wp","href":"https:\/\/api.w.org\/{rel}","templated":true}]}}