{"id":1435,"date":"2023-07-06T15:51:33","date_gmt":"2023-07-06T18:51:33","guid":{"rendered":"https:\/\/sociedadesdigitales.org\/web\/?p=1435"},"modified":"2024-07-31T16:42:23","modified_gmt":"2024-07-31T19:42:23","slug":"rosa-jimenez-cano","status":"publish","type":"post","link":"https:\/\/sociedadesdigitales.org\/web\/2023\/07\/06\/rosa-jimenez-cano\/","title":{"rendered":"Rosa Jim\u00e9nez Cano sobre disrupciones tecnol\u00f3gicas"},"content":{"rendered":"\n<p>Los invitamos a ver la charla de <strong>Rosa Jim\u00e9nez Cano<\/strong> sobre desintermediaci\u00f3n tecnol\u00f3gica. Ella es reconocida como la primera corresponsal en <strong>Silicon Valley <\/strong>en espa\u00f1ol con EL PA\u00cdS y actualmente colabora con <strong>WIRED<\/strong> en Espa\u00f1ol. Durante su trayectoria, ha seguido de cerca el mundo de las startups en Estados Unidos, Am\u00e9rica Latina y Europa. Su amplia experiencia y conocimientos nos brindar\u00e1n una perspectiva extraordinaria sobre el impacto de la tecnolog\u00eda en diferentes sectores y las oportunidades que genera tanto en Estados Unidos como en Am\u00e9rica Latina.<\/p>\n\n\n\n<figure class=\"wp-block-embed is-type-video is-provider-youtube wp-block-embed-youtube wp-embed-aspect-16-9 wp-has-aspect-ratio\"><div class=\"wp-block-embed__wrapper\">\n<iframe loading=\"lazy\" title=\"ROSA JIMENEZ CANO: la tecnolog\u00eda desintermedia sectores\" width=\"1200\" height=\"675\" src=\"https:\/\/www.youtube.com\/embed\/RYkRCcRUDLQ?feature=oembed&amp;wmode=opaque&amp;showinfo=0\" style=\"border: none\" allow=\"accelerometer; autoplay; clipboard-write; encrypted-media; gyroscope; picture-in-picture; web-share\" referrerpolicy=\"strict-origin-when-cross-origin\" allowfullscreen><\/iframe>\n<\/div><\/figure>\n","protected":false},"excerpt":{"rendered":"<p>Los invitamos a ver la charla de Rosa Jim\u00e9nez Cano sobre desintermediaci\u00f3n tecnol\u00f3gica. Ella es reconocida como la primera corresponsal en Silicon Valley en espa\u00f1ol con EL PA\u00cdS y actualmente colabora con WIRED en Espa\u00f1ol. Durante su trayectoria, ha seguido de cerca el mundo de las startups en Estados Unidos, Am\u00e9rica Latina y Europa. Su amplia experiencia y conocimientos nos [&hellip;]<\/p>\n","protected":false},"author":1,"featured_media":1436,"comment_status":"closed","ping_status":"open","sticky":false,"template":"","format":"standard","meta":{"_uag_custom_page_level_css":"","_monsterinsights_skip_tracking":false,"_monsterinsights_sitenote_active":false,"_monsterinsights_sitenote_note":"","_monsterinsights_sitenote_category":0,"footnotes":""},"categories":[1],"tags":[24,36],"class_list":["post-1435","post","type-post","status-publish","format-standard","has-post-thumbnail","hentry","category-blog","tag-comunicacion","tag-inteligencia-artificial"],"aioseo_notices":[],"uagb_featured_image_src":{"full":["https:\/\/sociedadesdigitales.org\/web\/wp-content\/uploads\/2023\/07\/64405514_2044643225831214_506525408980631552_n.jpg",1080,1080,false],"thumbnail":["https:\/\/sociedadesdigitales.org\/web\/wp-content\/uploads\/2023\/07\/64405514_2044643225831214_506525408980631552_n-150x150.jpg",150,150,true],"medium":["https:\/\/sociedadesdigitales.org\/web\/wp-content\/uploads\/2023\/07\/64405514_2044643225831214_506525408980631552_n-300x300.jpg",300,300,true],"medium_large":["https:\/\/sociedadesdigitales.org\/web\/wp-content\/uploads\/2023\/07\/64405514_2044643225831214_506525408980631552_n-768x768.jpg",768,768,true],"large":["https:\/\/sociedadesdigitales.org\/web\/wp-content\/uploads\/2023\/07\/64405514_2044643225831214_506525408980631552_n-1024x1024.jpg",1024,1024,true],"1536x1536":["https:\/\/sociedadesdigitales.org\/web\/wp-content\/uploads\/2023\/07\/64405514_2044643225831214_506525408980631552_n.jpg",1080,1080,false],"2048x2048":["https:\/\/sociedadesdigitales.org\/web\/wp-content\/uploads\/2023\/07\/64405514_2044643225831214_506525408980631552_n.jpg",1080,1080,false],"post-thumbnail":["https:\/\/sociedadesdigitales.org\/web\/wp-content\/uploads\/2023\/07\/64405514_2044643225831214_506525408980631552_n-672x672.jpg",672,672,true],"kleo-full-width":["https:\/\/sociedadesdigitales.org\/web\/wp-content\/uploads\/2023\/07\/64405514_2044643225831214_506525408980631552_n-1038x1038.jpg",1038,1038,true],"kleo-post-gallery":["https:\/\/sociedadesdigitales.org\/web\/wp-content\/uploads\/2023\/07\/64405514_2044643225831214_506525408980631552_n-480x270.jpg",480,270,true],"kleo-post-grid":["https:\/\/sociedadesdigitales.org\/web\/wp-content\/uploads\/2023\/07\/64405514_2044643225831214_506525408980631552_n-480x480.jpg",480,480,true],"kleo-post-small-thumb":["https:\/\/sociedadesdigitales.org\/web\/wp-content\/uploads\/2023\/07\/64405514_2044643225831214_506525408980631552_n-480x270.jpg",480,270,true]},"uagb_author_info":{"display_name":"Sociedades Digitales","author_link":"https:\/\/sociedadesdigitales.org\/web\/author\/sociedades-digitales\/"},"uagb_comment_info":0,"uagb_excerpt":"Los invitamos a ver la charla de Rosa Jim\u00e9nez Cano sobre desintermediaci\u00f3n tecnol\u00f3gica. Ella es reconocida como la primera corresponsal en Silicon Valley en espa\u00f1ol con EL PA\u00cdS y actualmente colabora con WIRED en Espa\u00f1ol. Durante su trayectoria, ha seguido de cerca el mundo de las startups en Estados Unidos, Am\u00e9rica Latina y Europa. Su&hellip;","_links":{"self":[{"href":"https:\/\/sociedadesdigitales.org\/web\/wp-json\/wp\/v2\/posts\/1435","targetHints":{"allow":["GET"]}}],"collection":[{"href":"https:\/\/sociedadesdigitales.org\/web\/wp-json\/wp\/v2\/posts"}],"about":[{"href":"https:\/\/sociedadesdigitales.org\/web\/wp-json\/wp\/v2\/types\/post"}],"author":[{"embeddable":true,"href":"https:\/\/sociedadesdigitales.org\/web\/wp-json\/wp\/v2\/users\/1"}],"replies":[{"embeddable":true,"href":"https:\/\/sociedadesdigitales.org\/web\/wp-json\/wp\/v2\/comments?post=1435"}],"version-history":[{"count":1,"href":"https:\/\/sociedadesdigitales.org\/web\/wp-json\/wp\/v2\/posts\/1435\/revisions"}],"predecessor-version":[{"id":2037,"href":"https:\/\/sociedadesdigitales.org\/web\/wp-json\/wp\/v2\/posts\/1435\/revisions\/2037"}],"wp:featuredmedia":[{"embeddable":true,"href":"https:\/\/sociedadesdigitales.org\/web\/wp-json\/wp\/v2\/media\/1436"}],"wp:attachment":[{"href":"https:\/\/sociedadesdigitales.org\/web\/wp-json\/wp\/v2\/media?parent=1435"}],"wp:term":[{"taxonomy":"category","embeddable":true,"href":"https:\/\/sociedadesdigitales.org\/web\/wp-json\/wp\/v2\/categories?post=1435"},{"taxonomy":"post_tag","embeddable":true,"href":"https:\/\/sociedadesdigitales.org\/web\/wp-json\/wp\/v2\/tags?post=1435"}],"curies":[{"name":"wp","href":"https:\/\/api.w.org\/{rel}","templated":true}]}}