{"id":1353,"date":"2023-03-16T21:28:00","date_gmt":"2023-03-17T00:28:00","guid":{"rendered":"https:\/\/sociedadesdigitales.org\/web\/?p=1353"},"modified":"2024-07-31T16:42:23","modified_gmt":"2024-07-31T19:42:23","slug":"el-desafio-iberoamericano-y-una-oportunidad-para-argentina","status":"publish","type":"post","link":"https:\/\/sociedadesdigitales.org\/web\/2023\/03\/16\/el-desafio-iberoamericano-y-una-oportunidad-para-argentina\/","title":{"rendered":"Nueva Econom\u00eda de la Lengua: una oportunidad para Argentina"},"content":{"rendered":"\n<p>La Fundaci\u00f3n Sociedades Digitales junto a la embajada de Argentina en Madrid organizaron una jornada sobre la Nueva Econom\u00eda de la Lengua: el desaf\u00edo Iberoamericano y una oportunidad para Argentina. El encuentro fue encabezado por el embajador Ricardo Alfons\u00edn y cont\u00f3 con la participaci\u00f3n de la Comisionada Especial para la Alianza por la Nueva Econom\u00eda de la Lengua de Espa\u00f1a, Cristina Gallach Figuera. Adem\u00e1s, particip\u00f3 el Secretario de Econom\u00eda del Conocimiento de Argentina, Ariel Sujarchuk. <\/p>\n\n\n\n<p>All\u00ed, Camila Chirino, Coordinadora del Programa Nueva Econom\u00eda de la Lengua de Argentina, se\u00f1al\u00f3 que \u00abse pierde la riqueza de nuestro idioma cuando hacemos una traducci\u00f3n\u201d, en coincidencia con el diputado espa\u00f1ol C\u00e9sar Ramos, qui\u00e9n a\u00f1adi\u00f3: \u201cLa tecnolog\u00eda debe servir para el beneficio de la mayor\u00eda\u201d<\/p>\n\n\n\n<p>Por su parte, el presidente de la fundaci\u00f3n Sociedades Digitales, Sebasti\u00e1n Lorenzo, remarc\u00f3 la relevancia de los Fondos de la Uni\u00f3n Europea para el programa de la Nueva Econom\u00eda de la Lengua, en los que m\u00e1s del 30 % se ha destinado a la digitalizaci\u00f3n.<\/p>\n","protected":false},"excerpt":{"rendered":"<p>La Fundaci\u00f3n Sociedades Digitales junto a la embajada de Argentina en Madrid organizaron una jornada sobre la Nueva Econom\u00eda de la Lengua: el desaf\u00edo Iberoamericano y una oportunidad para Argentina. El encuentro fue encabezado por el embajador Ricardo Alfons\u00edn y cont\u00f3 con la participaci\u00f3n de la Comisionada Especial para la Alianza por la Nueva Econom\u00eda de la Lengua de Espa\u00f1a, [&hellip;]<\/p>\n","protected":false},"author":1,"featured_media":1354,"comment_status":"closed","ping_status":"open","sticky":false,"template":"","format":"standard","meta":{"_uag_custom_page_level_css":"","_monsterinsights_skip_tracking":false,"_monsterinsights_sitenote_active":false,"_monsterinsights_sitenote_note":"","_monsterinsights_sitenote_category":0,"footnotes":""},"categories":[1],"tags":[20,38],"class_list":["post-1353","post","type-post","status-publish","format-standard","has-post-thumbnail","hentry","category-blog","tag-algoritmos","tag-madrid"],"aioseo_notices":[],"uagb_featured_image_src":{"full":["https:\/\/sociedadesdigitales.org\/web\/wp-content\/uploads\/2023\/03\/FqXOQMEXgAAqROg.jpg",1024,708,false],"thumbnail":["https:\/\/sociedadesdigitales.org\/web\/wp-content\/uploads\/2023\/03\/FqXOQMEXgAAqROg-150x150.jpg",150,150,true],"medium":["https:\/\/sociedadesdigitales.org\/web\/wp-content\/uploads\/2023\/03\/FqXOQMEXgAAqROg-300x207.jpg",300,207,true],"medium_large":["https:\/\/sociedadesdigitales.org\/web\/wp-content\/uploads\/2023\/03\/FqXOQMEXgAAqROg-768x531.jpg",768,531,true],"large":["https:\/\/sociedadesdigitales.org\/web\/wp-content\/uploads\/2023\/03\/FqXOQMEXgAAqROg.jpg",1024,708,false],"1536x1536":["https:\/\/sociedadesdigitales.org\/web\/wp-content\/uploads\/2023\/03\/FqXOQMEXgAAqROg.jpg",1024,708,false],"2048x2048":["https:\/\/sociedadesdigitales.org\/web\/wp-content\/uploads\/2023\/03\/FqXOQMEXgAAqROg.jpg",1024,708,false],"post-thumbnail":["https:\/\/sociedadesdigitales.org\/web\/wp-content\/uploads\/2023\/03\/FqXOQMEXgAAqROg-672x465.jpg",672,465,true],"kleo-full-width":["https:\/\/sociedadesdigitales.org\/web\/wp-content\/uploads\/2023\/03\/FqXOQMEXgAAqROg.jpg",1024,708,false],"kleo-post-gallery":["https:\/\/sociedadesdigitales.org\/web\/wp-content\/uploads\/2023\/03\/FqXOQMEXgAAqROg-480x270.jpg",480,270,true],"kleo-post-grid":["https:\/\/sociedadesdigitales.org\/web\/wp-content\/uploads\/2023\/03\/FqXOQMEXgAAqROg-480x332.jpg",480,332,true],"kleo-post-small-thumb":["https:\/\/sociedadesdigitales.org\/web\/wp-content\/uploads\/2023\/03\/FqXOQMEXgAAqROg-480x270.jpg",480,270,true]},"uagb_author_info":{"display_name":"Sociedades Digitales","author_link":"https:\/\/sociedadesdigitales.org\/web\/author\/sociedades-digitales\/"},"uagb_comment_info":0,"uagb_excerpt":"La Fundaci\u00f3n Sociedades Digitales junto a la embajada de Argentina en Madrid organizaron una jornada sobre la Nueva Econom\u00eda de la Lengua: el desaf\u00edo Iberoamericano y una oportunidad para Argentina. El encuentro fue encabezado por el embajador Ricardo Alfons\u00edn y cont\u00f3 con la participaci\u00f3n de la Comisionada Especial para la Alianza por la Nueva Econom\u00eda&hellip;","_links":{"self":[{"href":"https:\/\/sociedadesdigitales.org\/web\/wp-json\/wp\/v2\/posts\/1353","targetHints":{"allow":["GET"]}}],"collection":[{"href":"https:\/\/sociedadesdigitales.org\/web\/wp-json\/wp\/v2\/posts"}],"about":[{"href":"https:\/\/sociedadesdigitales.org\/web\/wp-json\/wp\/v2\/types\/post"}],"author":[{"embeddable":true,"href":"https:\/\/sociedadesdigitales.org\/web\/wp-json\/wp\/v2\/users\/1"}],"replies":[{"embeddable":true,"href":"https:\/\/sociedadesdigitales.org\/web\/wp-json\/wp\/v2\/comments?post=1353"}],"version-history":[{"count":2,"href":"https:\/\/sociedadesdigitales.org\/web\/wp-json\/wp\/v2\/posts\/1353\/revisions"}],"predecessor-version":[{"id":2423,"href":"https:\/\/sociedadesdigitales.org\/web\/wp-json\/wp\/v2\/posts\/1353\/revisions\/2423"}],"wp:featuredmedia":[{"embeddable":true,"href":"https:\/\/sociedadesdigitales.org\/web\/wp-json\/wp\/v2\/media\/1354"}],"wp:attachment":[{"href":"https:\/\/sociedadesdigitales.org\/web\/wp-json\/wp\/v2\/media?parent=1353"}],"wp:term":[{"taxonomy":"category","embeddable":true,"href":"https:\/\/sociedadesdigitales.org\/web\/wp-json\/wp\/v2\/categories?post=1353"},{"taxonomy":"post_tag","embeddable":true,"href":"https:\/\/sociedadesdigitales.org\/web\/wp-json\/wp\/v2\/tags?post=1353"}],"curies":[{"name":"wp","href":"https:\/\/api.w.org\/{rel}","templated":true}]}}