{"id":1309,"date":"2022-11-18T22:01:46","date_gmt":"2022-11-19T01:01:46","guid":{"rendered":"https:\/\/sociedadesdigitales.org\/web\/?p=1309"},"modified":"2024-07-31T16:42:23","modified_gmt":"2024-07-31T19:42:23","slug":"los-avances-tecnologicos-deben-beneficiar-a-las-personas","status":"publish","type":"post","link":"https:\/\/sociedadesdigitales.org\/web\/2022\/11\/18\/los-avances-tecnologicos-deben-beneficiar-a-las-personas\/","title":{"rendered":"Los avances tecnol\u00f3gicos deben beneficiar a las personas"},"content":{"rendered":"\n<p>El Foro de Sociedades Digitales, que se realiz\u00f3 este a\u00f1o por primera vez en el metaverso, reflexion\u00f3 sobre los impactos tecnol\u00f3gicos en los procesos democr\u00e1ticos, al tiempo que plante\u00f3 la necesidad de un abordaje pol\u00edtico que sea capaz de regular los avances del mercado en la vida humana y su futuro.<\/p>\n\n\n\n<p>El diputado espa\u00f1ol C\u00e9sar Ramos, del Partido Socialista Obrero Espa\u00f1ol (PSOE), consider\u00f3 necesario que los decisores pol\u00edticos de la izquierda tengan respuestas a las tendencias de futuro para garantizar que esos beneficios lleguen a las mayor\u00edas. \u201cNo tiene l\u00f3gica que la \u00e9poca de mayor avance tecnol\u00f3gico sea tambi\u00e9n la \u00e9poca que m\u00e1s se est\u00e1n incrementando las desigualdades\u201d, sostuvo.<\/p>\n\n\n\n<p>El planteo de Ramos pone el acento sobre lo expuesto por varios de los expositores que reflexionaron durante toda la jornada del s\u00e1bado sobre 5G, rob\u00f3tica, inteligencia artificial, el metaverso, las coyunturas internacionales y la intervenci\u00f3n de las tecnolog\u00edas en la vida de las personas.<\/p>\n\n\n\n<p>El Foro, del que participaron cientos de personas, es realizado por la Fundaci\u00f3n de Sociedades Digitales desde 2008 para conversar y debatir sobre las tendencias en tecnolog\u00eda y sus impactos en la sociedad. En esta ocaci\u00f3n la jornada se extendi\u00f3 durante ocho horas y fue moderada por su presidente, Sebastian Lorenzo y por la directora ejecutiva de la fundaci\u00f3n, Camila Chirino. Cont\u00f3 con m\u00e1s de 20 paneles en los que se present\u00f3 conectividad 5G, inteligencia artificial, rob\u00f3tica, blockchain, dinero digital, videojuegos, ciberseguridad, realidad aumentada y regulaciones. Adem\u00e1s, se trat\u00f3 el futuro de los medios de comunicaci\u00f3n, de las pymes, el mundo del delivery, y de la educaci\u00f3n, as\u00ed como cu\u00e1l ser\u00e1 el rol del Estado en el futuro y el impacto social de las nuevas tecnolog\u00edas.<\/p>\n\n\n<div class=\"wp-block-image\">\n<figure class=\"aligncenter size-full is-resized\"><img loading=\"lazy\" decoding=\"async\" src=\"https:\/\/sociedadesdigitales.org\/web\/wp-content\/uploads\/2022\/11\/1.jpg\" alt=\"\" class=\"wp-image-1310\" width=\"602\" height=\"339\" srcset=\"https:\/\/sociedadesdigitales.org\/web\/wp-content\/uploads\/2022\/11\/1.jpg 604w, https:\/\/sociedadesdigitales.org\/web\/wp-content\/uploads\/2022\/11\/1-300x169.jpg 300w, https:\/\/sociedadesdigitales.org\/web\/wp-content\/uploads\/2022\/11\/1-480x270.jpg 480w\" sizes=\"auto, (max-width: 602px) 100vw, 602px\" \/><\/figure>\n<\/div>\n\n\n<p>Entre los expositores estuvo el ex diputado nacional Osvaldo Nemirovsci, quien expuso sobre la conectividad 5G y&nbsp; resalt\u00f3 que \u201ccomo pa\u00eds necesitamos entender que igual que cualquier otra tecnolog\u00eda importante, tenemos que desarrollarla en forma aut\u00f3noma y soberana\u201d porque \u201cel futuro no se sue\u00f1a, el futuro se construye\u201d.<\/p>\n\n\n\n<p>A su vez, la ministra de Trabajo de Argentina, Kelly Olmos, destac\u00f3 que \u201cel impacto que tienen las tecnolog\u00edas de la informaci\u00f3n y comunicaci\u00f3n en el mundo del trabajo es un aspecto absolutamente central\u201d, al tiempo que fue contundente al decir que \u201cnuestra aspiraci\u00f3n es que constituyan una oportunidad de acceso al trabajo con derechos, en el macro de un compromiso social que sume al bienestar general\u201d.<\/p>\n\n\n\n<p>Adem\u00e1s, participaron del foro el presidente de la Agencia Nacional de Promoci\u00f3n de la Investigaci\u00f3n, el Desarrollo Tecnol\u00f3gico y la Innovaci\u00f3n, Fernando Peirano; la directora acad\u00e9mica de la Escuela del Sur de Gobernanza de Internet, Olga Cavalli; la economista espa\u00f1ola especializada en tecnolog\u00eda e innovaci\u00f3n social, Luc\u00eda Velazco, y la periodista Rosa Jim\u00e9nez Cano, quien durante a\u00f1os fuera una de las principales voces hispanas en el periodismo de Silicon Valley y que actualmente lidera el ecosistema The Venture City, con sede en Miami\u200b\u200b.<\/p>\n\n\n\n<p>Otros de los expositores fueron Cecilia Danesi (inteligencia artificial), Pablo Di\u00e1z (rob\u00f3tica), Luis Papagni (blockchain), Gabriela Mois\u00e9s (realidad aumentada), Mart\u00edn Goro y Daniel Bord\u00f3n (metaverso), Alejandro Iparraguire (videojuegos), Iv\u00e1n Tello (dinero digital), Alejandro Prince (mundo delivery),&nbsp; Ariel Vercelli (\u00bfQui\u00e9n regula: Estados o corporaciones?), Pablo Aristizabal (el futuro de la educaci\u00f3n) y Osvaldo Pitrau (el problema de la energ\u00eda).<\/p>\n\n\n\n<p>De la jornada tambi\u00e9n participaron la diputada nacional por la provincia de Jujuy, Carolina Mois\u00e9s; el periodista Javier Romero; el intendente de Taf\u00ed Viejo, Javier Noguera; el consultor en comunicaci\u00f3n y tecnolog\u00eda, Max Delupi; la subsecretaria de Medios P\u00fablicos, Rosaura Audi, y la secretaria de Desarrollo Cultural, Lucrecia Cardoso.<\/p>\n\n\n<div class=\"wp-block-image\">\n<figure class=\"aligncenter size-large\"><img loading=\"lazy\" decoding=\"async\" width=\"1024\" height=\"576\" src=\"https:\/\/sociedadesdigitales.org\/web\/wp-content\/uploads\/2022\/11\/Sin-titulo-1024x576.png\" alt=\"\" class=\"wp-image-1312\" srcset=\"https:\/\/sociedadesdigitales.org\/web\/wp-content\/uploads\/2022\/11\/Sin-titulo-1024x576.png 1024w, https:\/\/sociedadesdigitales.org\/web\/wp-content\/uploads\/2022\/11\/Sin-titulo-300x169.png 300w, https:\/\/sociedadesdigitales.org\/web\/wp-content\/uploads\/2022\/11\/Sin-titulo-768x432.png 768w, https:\/\/sociedadesdigitales.org\/web\/wp-content\/uploads\/2022\/11\/Sin-titulo-672x378.png 672w, https:\/\/sociedadesdigitales.org\/web\/wp-content\/uploads\/2022\/11\/Sin-titulo-1038x584.png 1038w, https:\/\/sociedadesdigitales.org\/web\/wp-content\/uploads\/2022\/11\/Sin-titulo-480x270.png 480w, https:\/\/sociedadesdigitales.org\/web\/wp-content\/uploads\/2022\/11\/Sin-titulo.png 1366w\" sizes=\"auto, (max-width: 1024px) 100vw, 1024px\" \/><\/figure>\n<\/div>\n\n\n<p>A su vez,&nbsp; el evento cont\u00f3 con una expo, en la cual empresas del campo tecnol\u00f3gico se hicieron presentes con sus stands. Acompa\u00f1aron el evento: Epidata, Datastar, Datco, BGH Tech partner, EVM grupo, Tadevel y Smartcity. Tambi\u00e9n estuvieron presentes el Ministerio de Cultura y el Ministerio de Ciencia y Tecnolog\u00eda, ambos de Argentina, y el grupo parlamentario socialista de Espa\u00f1a.&nbsp;<\/p>\n\n\n\n<p>Para el cierre, el Foro plante\u00f3 un momento hist\u00f3rico y \u00fanico al convocar a la cantautora Teresa Parodi a interpretar dos de sus temas, que se mostraron en la pantalla del auditorio, mientras con su avatar disfrutaba tambi\u00e9n del espect\u00e1culo. Por primera vez, el folklore lleg\u00f3 al metatarso de la mano de esta excepcional artista y sus temas \u201cEsa musiquita\u2019 y \u201cPedro Canoero\u201d<\/p>\n\n\n<div class=\"wp-block-image\">\n<figure class=\"aligncenter size-full\"><img loading=\"lazy\" decoding=\"async\" width=\"604\" height=\"338\" src=\"https:\/\/sociedadesdigitales.org\/web\/wp-content\/uploads\/2022\/11\/2.jpg\" alt=\"\" class=\"wp-image-1311\" srcset=\"https:\/\/sociedadesdigitales.org\/web\/wp-content\/uploads\/2022\/11\/2.jpg 604w, https:\/\/sociedadesdigitales.org\/web\/wp-content\/uploads\/2022\/11\/2-300x168.jpg 300w, https:\/\/sociedadesdigitales.org\/web\/wp-content\/uploads\/2022\/11\/2-480x270.jpg 480w\" sizes=\"auto, (max-width: 604px) 100vw, 604px\" \/><\/figure>\n<\/div>\n\n\n<p>\u201cTodas las herramientas de la tecnolog\u00eda nos permiten un crecimiento y un desarrollo cada vez mayor. Las uso en mi trabajo y mientras sean utilizadas correctamente son absolutamente \u00fatiles\u201d, expres\u00f3 Parodi.&nbsp;<\/p>\n","protected":false},"excerpt":{"rendered":"<p>El Foro de Sociedades Digitales, que se realiz\u00f3 este a\u00f1o por primera vez en el metaverso, reflexion\u00f3 sobre los impactos tecnol\u00f3gicos en los procesos democr\u00e1ticos, al tiempo que plante\u00f3 la necesidad de un abordaje pol\u00edtico que sea capaz de regular los avances del mercado en la vida humana y su futuro. El diputado espa\u00f1ol C\u00e9sar Ramos, del Partido Socialista Obrero [&hellip;]<\/p>\n","protected":false},"author":1,"featured_media":1299,"comment_status":"closed","ping_status":"open","sticky":false,"template":"","format":"standard","meta":{"_uag_custom_page_level_css":"","_monsterinsights_skip_tracking":false,"_monsterinsights_sitenote_active":false,"_monsterinsights_sitenote_note":"","_monsterinsights_sitenote_category":0,"footnotes":""},"categories":[1],"tags":[39,44],"class_list":["post-1309","post","type-post","status-publish","format-standard","has-post-thumbnail","hentry","category-blog","tag-metaverso","tag-sd22"],"aioseo_notices":[],"uagb_featured_image_src":{"full":["https:\/\/sociedadesdigitales.org\/web\/wp-content\/uploads\/2022\/11\/Fg1An2WWYAAUw2S.jpg",1280,597,false],"thumbnail":["https:\/\/sociedadesdigitales.org\/web\/wp-content\/uploads\/2022\/11\/Fg1An2WWYAAUw2S-150x150.jpg",150,150,true],"medium":["https:\/\/sociedadesdigitales.org\/web\/wp-content\/uploads\/2022\/11\/Fg1An2WWYAAUw2S-300x140.jpg",300,140,true],"medium_large":["https:\/\/sociedadesdigitales.org\/web\/wp-content\/uploads\/2022\/11\/Fg1An2WWYAAUw2S-768x358.jpg",768,358,true],"large":["https:\/\/sociedadesdigitales.org\/web\/wp-content\/uploads\/2022\/11\/Fg1An2WWYAAUw2S-1024x478.jpg",1024,478,true],"1536x1536":["https:\/\/sociedadesdigitales.org\/web\/wp-content\/uploads\/2022\/11\/Fg1An2WWYAAUw2S.jpg",1280,597,false],"2048x2048":["https:\/\/sociedadesdigitales.org\/web\/wp-content\/uploads\/2022\/11\/Fg1An2WWYAAUw2S.jpg",1280,597,false],"post-thumbnail":["https:\/\/sociedadesdigitales.org\/web\/wp-content\/uploads\/2022\/11\/Fg1An2WWYAAUw2S-672x313.jpg",672,313,true],"kleo-full-width":["https:\/\/sociedadesdigitales.org\/web\/wp-content\/uploads\/2022\/11\/Fg1An2WWYAAUw2S-1038x484.jpg",1038,484,true],"kleo-post-gallery":["https:\/\/sociedadesdigitales.org\/web\/wp-content\/uploads\/2022\/11\/Fg1An2WWYAAUw2S-480x270.jpg",480,270,true],"kleo-post-grid":["https:\/\/sociedadesdigitales.org\/web\/wp-content\/uploads\/2022\/11\/Fg1An2WWYAAUw2S-480x224.jpg",480,224,true],"kleo-post-small-thumb":["https:\/\/sociedadesdigitales.org\/web\/wp-content\/uploads\/2022\/11\/Fg1An2WWYAAUw2S-480x270.jpg",480,270,true]},"uagb_author_info":{"display_name":"Sociedades Digitales","author_link":"https:\/\/sociedadesdigitales.org\/web\/author\/sociedades-digitales\/"},"uagb_comment_info":0,"uagb_excerpt":"El Foro de Sociedades Digitales, que se realiz\u00f3 este a\u00f1o por primera vez en el metaverso, reflexion\u00f3 sobre los impactos tecnol\u00f3gicos en los procesos democr\u00e1ticos, al tiempo que plante\u00f3 la necesidad de un abordaje pol\u00edtico que sea capaz de regular los avances del mercado en la vida humana y su futuro. El diputado espa\u00f1ol C\u00e9sar&hellip;","_links":{"self":[{"href":"https:\/\/sociedadesdigitales.org\/web\/wp-json\/wp\/v2\/posts\/1309","targetHints":{"allow":["GET"]}}],"collection":[{"href":"https:\/\/sociedadesdigitales.org\/web\/wp-json\/wp\/v2\/posts"}],"about":[{"href":"https:\/\/sociedadesdigitales.org\/web\/wp-json\/wp\/v2\/types\/post"}],"author":[{"embeddable":true,"href":"https:\/\/sociedadesdigitales.org\/web\/wp-json\/wp\/v2\/users\/1"}],"replies":[{"embeddable":true,"href":"https:\/\/sociedadesdigitales.org\/web\/wp-json\/wp\/v2\/comments?post=1309"}],"version-history":[{"count":1,"href":"https:\/\/sociedadesdigitales.org\/web\/wp-json\/wp\/v2\/posts\/1309\/revisions"}],"predecessor-version":[{"id":1667,"href":"https:\/\/sociedadesdigitales.org\/web\/wp-json\/wp\/v2\/posts\/1309\/revisions\/1667"}],"wp:featuredmedia":[{"embeddable":true,"href":"https:\/\/sociedadesdigitales.org\/web\/wp-json\/wp\/v2\/media\/1299"}],"wp:attachment":[{"href":"https:\/\/sociedadesdigitales.org\/web\/wp-json\/wp\/v2\/media?parent=1309"}],"wp:term":[{"taxonomy":"category","embeddable":true,"href":"https:\/\/sociedadesdigitales.org\/web\/wp-json\/wp\/v2\/categories?post=1309"},{"taxonomy":"post_tag","embeddable":true,"href":"https:\/\/sociedadesdigitales.org\/web\/wp-json\/wp\/v2\/tags?post=1309"}],"curies":[{"name":"wp","href":"https:\/\/api.w.org\/{rel}","templated":true}]}}