{"id":1286,"date":"2022-11-08T10:29:52","date_gmt":"2022-11-08T13:29:52","guid":{"rendered":"https:\/\/sociedadesdigitales.org\/web\/?p=1286"},"modified":"2024-07-31T16:42:23","modified_gmt":"2024-07-31T19:42:23","slug":"inteligencia-artificial-en-el-ambito-parlamentario","status":"publish","type":"post","link":"https:\/\/sociedadesdigitales.org\/web\/2022\/11\/08\/inteligencia-artificial-en-el-ambito-parlamentario\/","title":{"rendered":"Inteligencia artificial en el \u00e1mbito parlamentario"},"content":{"rendered":"\n<p>Acompa\u00f1amos la jornada que se realizar\u00e1 el martes 8 de noviembre a las 14 horas en el sal\u00f3n Delia Parodia de la C\u00e1mara de Diputados, con el objetivo de indagar sobre las ventajas de la incorporaci\u00f3n de inteligencia artificial en los procesos parlamentarios.<\/p>\n\n\n\n<p><\/p>\n\n\n\n<p>La mesa de apertuda estar\u00e1 a cargo de la diputada <a href=\"https:\/\/twitter.com\/CarolinaMoises\">Carolina Moises<\/a>, el secretario general de la C\u00e1mara de Diputados, <a href=\"https:\/\/twitter.com\/jmcheppi\">Juan Manuel Cheppi<\/a>, y el presidente de la fundaci\u00f3n Sociedades Digitales, <a href=\"https:\/\/twitter.com\/SebaLorenzoAR\">Sebatian Lorenzo<\/a>.<\/p>\n\n\n\n<p>El primer panel abordar\u00e1 el impacto de la inteligencia artificial en la labor legislativa. Participar\u00e1 el diputado <a href=\"https:\/\/twitter.com\/PereyraJulio\">Julio Pereyra<\/a>, el director general de innovaci\u00f3n de la C\u00e1mara de Diputados, <a href=\"https:\/\/twitter.com\/virutarasewiez\">Germ\u00e1n Tarasewiez<\/a>, y <a href=\"https:\/\/twitter.com\/CesarJRamos\">C\u00e9sar R\u00e1mos<\/a>, diputado por C\u00e1ceres (Espa\u00f1a). Modera la diputada <a href=\"https:\/\/twitter.com\/martinezdolom\">Dolores Mart\u00ednez<\/a>.<\/p>\n\n\n\n<p>El segundo panel tratar\u00e1 de los desaf\u00edos de legislar sobre la inteligencia artificial. Participar\u00e1 los especialistas: <a href=\"https:\/\/twitter.com\/CeciliaDanesi\">Cecilia Danessi<\/a>, Ariel Vercelli y Sarah Fernn. Modera la diputada <a href=\"https:\/\/twitter.com\/monicalitza\">M\u00f3nica Litza<\/a>.<\/p>\n\n\n\n<p>El evento se podr\u00e1 seguir v\u00eda streaming en el canal de <a href=\"https:\/\/www.youtube.com\/watch?v=Xi-iQAgFcFA\">Youtube de la C\u00e1mara de Diputados de la Naci\u00f3n<\/a>.<\/p>\n\n\n\n<p><\/p>\n\n\n\n<figure class=\"wp-block-embed is-type-video is-provider-youtube wp-block-embed-youtube wp-embed-aspect-4-3 wp-has-aspect-ratio\"><div class=\"wp-block-embed__wrapper\">\n<iframe loading=\"lazy\" title=\"EVENTO EN VIVO: 8 de noviembre de 2022 - H. C\u00e1mara de Diputados de la Naci\u00f3n\" width=\"1200\" height=\"900\" src=\"https:\/\/www.youtube.com\/embed\/Xi-iQAgFcFA?feature=oembed&amp;wmode=opaque&amp;showinfo=0\" style=\"border: none\" allow=\"accelerometer; autoplay; clipboard-write; encrypted-media; gyroscope; picture-in-picture\" allowfullscreen><\/iframe>\n<\/div><\/figure>\n\n\n<div class=\"wp-block-image\">\n<figure class=\"aligncenter size-large\"><img loading=\"lazy\" decoding=\"async\" width=\"618\" height=\"1024\" src=\"https:\/\/sociedadesdigitales.org\/web\/wp-content\/uploads\/2022\/11\/IA-en-Diputados-618x1024.jpg\" alt=\"\" class=\"wp-image-1288\" srcset=\"https:\/\/sociedadesdigitales.org\/web\/wp-content\/uploads\/2022\/11\/IA-en-Diputados-618x1024.jpg 618w, https:\/\/sociedadesdigitales.org\/web\/wp-content\/uploads\/2022\/11\/IA-en-Diputados-181x300.jpg 181w, https:\/\/sociedadesdigitales.org\/web\/wp-content\/uploads\/2022\/11\/IA-en-Diputados-768x1274.jpg 768w, https:\/\/sociedadesdigitales.org\/web\/wp-content\/uploads\/2022\/11\/IA-en-Diputados-672x1114.jpg 672w, https:\/\/sociedadesdigitales.org\/web\/wp-content\/uploads\/2022\/11\/IA-en-Diputados-480x796.jpg 480w, https:\/\/sociedadesdigitales.org\/web\/wp-content\/uploads\/2022\/11\/IA-en-Diputados.jpg 790w\" sizes=\"auto, (max-width: 618px) 100vw, 618px\" \/><\/figure>\n<\/div>\n\n\n<p><\/p>\n\n\n\n<p><\/p>\n\n\n\n<p><\/p>\n\n\n\n<p><\/p>\n","protected":false},"excerpt":{"rendered":"<p>Acompa\u00f1amos la jornada que se realizar\u00e1 el martes 8 de noviembre a las 14 horas en el sal\u00f3n Delia Parodia de la C\u00e1mara de Diputados, con el objetivo de indagar sobre las ventajas de la incorporaci\u00f3n de inteligencia artificial en los procesos parlamentarios. La mesa de apertuda estar\u00e1 a cargo de la diputada Carolina Moises, el secretario general de la [&hellip;]<\/p>\n","protected":false},"author":1,"featured_media":1291,"comment_status":"closed","ping_status":"open","sticky":false,"template":"","format":"standard","meta":{"_uag_custom_page_level_css":"","_monsterinsights_skip_tracking":false,"_monsterinsights_sitenote_active":false,"_monsterinsights_sitenote_note":"","_monsterinsights_sitenote_category":0,"footnotes":""},"categories":[1],"tags":[28,35,37],"class_list":["post-1286","post","type-post","status-publish","format-standard","has-post-thumbnail","hentry","category-blog","tag-diputados","tag-inteligenci-artificial","tag-legislacion"],"aioseo_notices":[],"uagb_featured_image_src":{"full":["https:\/\/sociedadesdigitales.org\/web\/wp-content\/uploads\/2022\/11\/IA-en-Diputados-copia.jpg",790,325,false],"thumbnail":["https:\/\/sociedadesdigitales.org\/web\/wp-content\/uploads\/2022\/11\/IA-en-Diputados-copia-150x150.jpg",150,150,true],"medium":["https:\/\/sociedadesdigitales.org\/web\/wp-content\/uploads\/2022\/11\/IA-en-Diputados-copia-300x123.jpg",300,123,true],"medium_large":["https:\/\/sociedadesdigitales.org\/web\/wp-content\/uploads\/2022\/11\/IA-en-Diputados-copia-768x316.jpg",768,316,true],"large":["https:\/\/sociedadesdigitales.org\/web\/wp-content\/uploads\/2022\/11\/IA-en-Diputados-copia.jpg",790,325,false],"1536x1536":["https:\/\/sociedadesdigitales.org\/web\/wp-content\/uploads\/2022\/11\/IA-en-Diputados-copia.jpg",790,325,false],"2048x2048":["https:\/\/sociedadesdigitales.org\/web\/wp-content\/uploads\/2022\/11\/IA-en-Diputados-copia.jpg",790,325,false],"post-thumbnail":["https:\/\/sociedadesdigitales.org\/web\/wp-content\/uploads\/2022\/11\/IA-en-Diputados-copia-672x276.jpg",672,276,true],"kleo-full-width":["https:\/\/sociedadesdigitales.org\/web\/wp-content\/uploads\/2022\/11\/IA-en-Diputados-copia.jpg",790,325,false],"kleo-post-gallery":["https:\/\/sociedadesdigitales.org\/web\/wp-content\/uploads\/2022\/11\/IA-en-Diputados-copia-480x270.jpg",480,270,true],"kleo-post-grid":["https:\/\/sociedadesdigitales.org\/web\/wp-content\/uploads\/2022\/11\/IA-en-Diputados-copia-480x197.jpg",480,197,true],"kleo-post-small-thumb":["https:\/\/sociedadesdigitales.org\/web\/wp-content\/uploads\/2022\/11\/IA-en-Diputados-copia-480x270.jpg",480,270,true]},"uagb_author_info":{"display_name":"Sociedades Digitales","author_link":"https:\/\/sociedadesdigitales.org\/web\/author\/sociedades-digitales\/"},"uagb_comment_info":0,"uagb_excerpt":"Acompa\u00f1amos la jornada que se realizar\u00e1 el martes 8 de noviembre a las 14 horas en el sal\u00f3n Delia Parodia de la C\u00e1mara de Diputados, con el objetivo de indagar sobre las ventajas de la incorporaci\u00f3n de inteligencia artificial en los procesos parlamentarios. La mesa de apertuda estar\u00e1 a cargo de la diputada Carolina Moises,&hellip;","_links":{"self":[{"href":"https:\/\/sociedadesdigitales.org\/web\/wp-json\/wp\/v2\/posts\/1286","targetHints":{"allow":["GET"]}}],"collection":[{"href":"https:\/\/sociedadesdigitales.org\/web\/wp-json\/wp\/v2\/posts"}],"about":[{"href":"https:\/\/sociedadesdigitales.org\/web\/wp-json\/wp\/v2\/types\/post"}],"author":[{"embeddable":true,"href":"https:\/\/sociedadesdigitales.org\/web\/wp-json\/wp\/v2\/users\/1"}],"replies":[{"embeddable":true,"href":"https:\/\/sociedadesdigitales.org\/web\/wp-json\/wp\/v2\/comments?post=1286"}],"version-history":[{"count":1,"href":"https:\/\/sociedadesdigitales.org\/web\/wp-json\/wp\/v2\/posts\/1286\/revisions"}],"predecessor-version":[{"id":2307,"href":"https:\/\/sociedadesdigitales.org\/web\/wp-json\/wp\/v2\/posts\/1286\/revisions\/2307"}],"wp:featuredmedia":[{"embeddable":true,"href":"https:\/\/sociedadesdigitales.org\/web\/wp-json\/wp\/v2\/media\/1291"}],"wp:attachment":[{"href":"https:\/\/sociedadesdigitales.org\/web\/wp-json\/wp\/v2\/media?parent=1286"}],"wp:term":[{"taxonomy":"category","embeddable":true,"href":"https:\/\/sociedadesdigitales.org\/web\/wp-json\/wp\/v2\/categories?post=1286"},{"taxonomy":"post_tag","embeddable":true,"href":"https:\/\/sociedadesdigitales.org\/web\/wp-json\/wp\/v2\/tags?post=1286"}],"curies":[{"name":"wp","href":"https:\/\/api.w.org\/{rel}","templated":true}]}}